{"id":14686,"date":"2024-10-13T19:51:50","date_gmt":"2024-10-13T17:51:50","guid":{"rendered":"https:\/\/www.kelmis.be\/?p=14686"},"modified":"2024-10-13T19:52:07","modified_gmt":"2024-10-13T17:52:07","slug":"elections-communales-les-resultats-dans-notre-commune","status":"publish","type":"post","link":"https:\/\/www.kelmis.be\/fr\/non-classifiee\/elections-communales-les-resultats-dans-notre-commune","title":{"rendered":"Elections communales: les r\u00e9sultats dans notre commune"},"content":{"rendered":"<p>La Belgique a \u00e9lu aujourd&rsquo;hui de nouveaux conseils communaux. Voici les r\u00e9sultats dans notre commune:<\/p>\n<p>La liste Elan totalise huit si\u00e8ges, le CSP six si\u00e8ges, le SP quatre si\u00e8ges et le NBK trois si\u00e8ges.<\/p>\n<div dir=\"auto\">La liste des \u00e9lu(e)s dans notre nouvel conseil communal:<\/div>\n<div dir=\"auto\"><span class=\"html-span xexx8yu x4uap5 x18d9i69 xkhd6sd x1hl2dhg x16tdsg8 x1vvkbs x3nfvp2 x1j61x8r x1fcty0u xdj266r xat24cr xgzva0m xhhsvwb xxymvpz xlup9mm x1kky2od\"><img loading=\"lazy\" decoding=\"async\" class=\"xz74otr\" src=\"https:\/\/static.xx.fbcdn.net\/images\/emoji.php\/v9\/t8d\/1\/16\/2611.png\" alt=\"\u2611\ufe0f\" width=\"16\" height=\"16\" \/><\/span>Pour Elan (8 si\u00e8ges):<\/div>\n<div dir=\"auto\">Daniel Hilligsmann, Sandy Nyssen, Pascal Kreusen, Raymond Lenaerts, Freddy Renier, Monique Emonts-pohl, Astrid Henning, Rainer Hintemann<\/div>\n<div dir=\"auto\"><span class=\"html-span xexx8yu x4uap5 x18d9i69 xkhd6sd x1hl2dhg x16tdsg8 x1vvkbs x3nfvp2 x1j61x8r x1fcty0u xdj266r xat24cr xgzva0m xhhsvwb xxymvpz xlup9mm x1kky2od\"><img loading=\"lazy\" decoding=\"async\" class=\"xz74otr\" src=\"https:\/\/static.xx.fbcdn.net\/images\/emoji.php\/v9\/t8d\/1\/16\/2611.png\" alt=\"\u2611\ufe0f\" width=\"16\" height=\"16\" \/><\/span>Pour CSP (six si\u00e8ges):<\/div>\n<div dir=\"auto\">Luc Frank, Iris Lampertz, Gilbert Klinkenberg, Willy Thyssen, Bruno Krickel, Marcel Henn<\/div>\n<div dir=\"auto\"><span class=\"html-span xexx8yu x4uap5 x18d9i69 xkhd6sd x1hl2dhg x16tdsg8 x1vvkbs x3nfvp2 x1j61x8r x1fcty0u xdj266r xat24cr xgzva0m xhhsvwb xxymvpz xlup9mm x1kky2od\"><img loading=\"lazy\" decoding=\"async\" class=\"xz74otr\" src=\"https:\/\/static.xx.fbcdn.net\/images\/emoji.php\/v9\/t8d\/1\/16\/2611.png\" alt=\"\u2611\ufe0f\" width=\"16\" height=\"16\" \/><\/span>Pour SP (quatre si\u00e8ges):<\/div>\n<div dir=\"auto\">Bj\u00f6rn Klinkenberg, Nadine Rotheudt, Andy Brandt, Marco Reul<\/div>\n<div dir=\"auto\"><span class=\"html-span xexx8yu x4uap5 x18d9i69 xkhd6sd x1hl2dhg x16tdsg8 x1vvkbs x3nfvp2 x1j61x8r x1fcty0u xdj266r xat24cr xgzva0m xhhsvwb xxymvpz xlup9mm x1kky2od\"><img loading=\"lazy\" decoding=\"async\" class=\"xz74otr\" src=\"https:\/\/static.xx.fbcdn.net\/images\/emoji.php\/v9\/t8d\/1\/16\/2611.png\" alt=\"\u2611\ufe0f\" width=\"16\" height=\"16\" \/><\/span>Pour NBK (trois si\u00e8ges):<\/div>\n<div dir=\"auto\">Louis Goebbels, Astrid Pauquet, Jean Ohn<\/div>\n","protected":false},"excerpt":{"rendered":"La Belgique a \u00e9lu aujourd&rsquo;hui de nouveaux conseils communaux. Voici les r\u00e9sultats dans notre commune: La liste Elan totalise huit si\u00e8ges, le CSP six si\u00e8ges, le SP quatre si\u00e8ges et le NBK trois si\u00e8ges. La liste des \u00e9lu(e)s dans notre nouvel conseil communal: Pour Elan (8 si\u00e8ges): Daniel Hilligsmann, Sandy Nyssen, Pascal Kreusen, Raymond Lenaerts, [&hellip;]","protected":false},"author":2,"featured_media":14688,"comment_status":"closed","ping_status":"closed","sticky":false,"template":"","format":"standard","meta":{"_acf_changed":false,"footnotes":""},"categories":[4],"tags":[],"class_list":["post-14686","post","type-post","status-publish","format-standard","has-post-thumbnail","hentry","category-non-classifiee"],"acf":[],"_links":{"self":[{"href":"https:\/\/www.kelmis.be\/fr\/wp-json\/wp\/v2\/posts\/14686","targetHints":{"allow":["GET"]}}],"collection":[{"href":"https:\/\/www.kelmis.be\/fr\/wp-json\/wp\/v2\/posts"}],"about":[{"href":"https:\/\/www.kelmis.be\/fr\/wp-json\/wp\/v2\/types\/post"}],"author":[{"embeddable":true,"href":"https:\/\/www.kelmis.be\/fr\/wp-json\/wp\/v2\/users\/2"}],"replies":[{"embeddable":true,"href":"https:\/\/www.kelmis.be\/fr\/wp-json\/wp\/v2\/comments?post=14686"}],"version-history":[{"count":1,"href":"https:\/\/www.kelmis.be\/fr\/wp-json\/wp\/v2\/posts\/14686\/revisions"}],"predecessor-version":[{"id":14689,"href":"https:\/\/www.kelmis.be\/fr\/wp-json\/wp\/v2\/posts\/14686\/revisions\/14689"}],"wp:featuredmedia":[{"embeddable":true,"href":"https:\/\/www.kelmis.be\/fr\/wp-json\/wp\/v2\/media\/14688"}],"wp:attachment":[{"href":"https:\/\/www.kelmis.be\/fr\/wp-json\/wp\/v2\/media?parent=14686"}],"wp:term":[{"taxonomy":"category","embeddable":true,"href":"https:\/\/www.kelmis.be\/fr\/wp-json\/wp\/v2\/categories?post=14686"},{"taxonomy":"post_tag","embeddable":true,"href":"https:\/\/www.kelmis.be\/fr\/wp-json\/wp\/v2\/tags?post=14686"}],"curies":[{"name":"wp","href":"https:\/\/api.w.org\/{rel}","templated":true}]}}