{"id":14630,"date":"2024-10-01T15:04:23","date_gmt":"2024-10-01T13:04:23","guid":{"rendered":"https:\/\/www.kelmis.be\/?p=14630"},"modified":"2024-10-01T15:23:06","modified_gmt":"2024-10-01T13:23:06","slug":"securite-routiere-courte-formation-a-langle-mort","status":"publish","type":"post","link":"https:\/\/www.kelmis.be\/fr\/actualite-dans-la-commune\/securite-routiere-courte-formation-a-langle-mort","title":{"rendered":"S\u00e9curit\u00e9 routi\u00e8re : courte formation \u00e0 \u00ab l&rsquo;angle mort \u00bb"},"content":{"rendered":"<p>Les \u00e9coles communales de La Calamine et de Hergenrath participent ces jours-ci \u00e0 la campagne de sensibilisation \u00ab Zora Zisch, le serpent de la route \u00bb. Il s&rsquo;agit d&rsquo;une action tr\u00e8s appr\u00e9ci\u00e9e pour la mobilit\u00e9 douce et durable de l&rsquo;asbl \u00ab Fahr mit \u00bb.<\/p>\n<p>De plus en plus d&rsquo;\u00e9coles participent \u00e0 ce jeu qui incite les enfants, les parents et les enseignant(e)s \u00e0 se rendre \u00e0 l&rsquo;\u00e9cole \u00e0 pied, \u00e0 v\u00e9lo, en transports en commun ou en covoiturage.<\/p>\n<p>Cette action met en \u00e9vidence le fait que ce choix de moyen de transport pour se rendre \u00e0 l&rsquo;\u00e9cole est non seulement \u00e9cologique, mais aussi sain pour les enfants et les parents.<\/p>\n<p>Parall\u00e8lement, une attention particuli\u00e8re est accord\u00e9e \u00e0 la s\u00e9curit\u00e9 routi\u00e8re. Ce matin, les \u00e9l\u00e8ves de 3e et 4e primaire de l&rsquo;\u00e9cole communale de La Calamine ont re\u00e7u une explication sur \u00ab l&rsquo;angle mort \u00bb. Marc Mennicken de l&rsquo;entreprise de bus Sadar-Keolis \u00e9tait venu sur la place de l&rsquo;\u00c9glise avec un bus et a expliqu\u00e9 aux enfants ce \u00e0 quoi ils devaient faire attention. Heribert Krickel de la commission v\u00e9lo ainsi que l&rsquo;\u00e9chevine Iris Lampertz et l&rsquo;\u00e9chevin Marcel Henn ont \u00e9galement assist\u00e9 \u00e0 cette courte formation.<\/p>\n<p>Le vendredi, la formation aura lieu \u00e0 Hergenrath. Ce jour-l\u00e0, le projet Zisch sera cl\u00f4tur\u00e9.<\/p>\n<p>&nbsp;<\/p>\n","protected":false},"excerpt":{"rendered":"Les \u00e9coles communales de La Calamine et de Hergenrath participent ces jours-ci \u00e0 la campagne de sensibilisation \u00ab Zora Zisch, le serpent de la route \u00bb. Il s&rsquo;agit d&rsquo;une action tr\u00e8s appr\u00e9ci\u00e9e pour la mobilit\u00e9 douce et durable de l&rsquo;asbl \u00ab Fahr mit \u00bb. De plus en plus d&rsquo;\u00e9coles participent \u00e0 ce jeu qui incite [&hellip;]","protected":false},"author":2,"featured_media":14631,"comment_status":"closed","ping_status":"closed","sticky":false,"template":"","format":"standard","meta":{"_acf_changed":false,"footnotes":""},"categories":[70],"tags":[],"class_list":["post-14630","post","type-post","status-publish","format-standard","has-post-thumbnail","hentry","category-actualite-dans-la-commune"],"acf":[],"_links":{"self":[{"href":"https:\/\/www.kelmis.be\/fr\/wp-json\/wp\/v2\/posts\/14630","targetHints":{"allow":["GET"]}}],"collection":[{"href":"https:\/\/www.kelmis.be\/fr\/wp-json\/wp\/v2\/posts"}],"about":[{"href":"https:\/\/www.kelmis.be\/fr\/wp-json\/wp\/v2\/types\/post"}],"author":[{"embeddable":true,"href":"https:\/\/www.kelmis.be\/fr\/wp-json\/wp\/v2\/users\/2"}],"replies":[{"embeddable":true,"href":"https:\/\/www.kelmis.be\/fr\/wp-json\/wp\/v2\/comments?post=14630"}],"version-history":[{"count":1,"href":"https:\/\/www.kelmis.be\/fr\/wp-json\/wp\/v2\/posts\/14630\/revisions"}],"predecessor-version":[{"id":14639,"href":"https:\/\/www.kelmis.be\/fr\/wp-json\/wp\/v2\/posts\/14630\/revisions\/14639"}],"wp:featuredmedia":[{"embeddable":true,"href":"https:\/\/www.kelmis.be\/fr\/wp-json\/wp\/v2\/media\/14631"}],"wp:attachment":[{"href":"https:\/\/www.kelmis.be\/fr\/wp-json\/wp\/v2\/media?parent=14630"}],"wp:term":[{"taxonomy":"category","embeddable":true,"href":"https:\/\/www.kelmis.be\/fr\/wp-json\/wp\/v2\/categories?post=14630"},{"taxonomy":"post_tag","embeddable":true,"href":"https:\/\/www.kelmis.be\/fr\/wp-json\/wp\/v2\/tags?post=14630"}],"curies":[{"name":"wp","href":"https:\/\/api.w.org\/{rel}","templated":true}]}}