{"id":14572,"date":"2024-09-24T09:55:16","date_gmt":"2024-09-24T07:55:16","guid":{"rendered":"https:\/\/www.kelmis.be\/?p=14572"},"modified":"2024-09-24T09:56:10","modified_gmt":"2024-09-24T07:56:10","slug":"un-drapeau-de-la-paix-en-tant-que-signe-de-solidarite","status":"publish","type":"post","link":"https:\/\/www.kelmis.be\/fr\/depuis-la-maison-communale\/un-drapeau-de-la-paix-en-tant-que-signe-de-solidarite","title":{"rendered":"Un drapeau de la paix en tant que signe de solidarit\u00e9"},"content":{"rendered":"<p>Les observateurs et observatrices attentifs l&rsquo;auront sans doute remarqu\u00e9 : Un drapeau de la paix a \u00e9t\u00e9 hiss\u00e9 sur notre maison communale. Le contexte : le 21 septembre a \u00e9t\u00e9 d\u00e9clar\u00e9 Journ\u00e9e internationale pour la paix par les Nations unies en 2001. Dans ce cadre, les villes et les communes peuvent, du 21 au 26 septembre, placer le drapeau de la paix sur leurs mairies en signe de solidarit\u00e9.<\/p>\n","protected":false},"excerpt":{"rendered":"Les observateurs et observatrices attentifs l&rsquo;auront sans doute remarqu\u00e9 : Un drapeau de la paix a \u00e9t\u00e9 hiss\u00e9 sur notre maison communale. Le contexte : le 21 septembre a \u00e9t\u00e9 d\u00e9clar\u00e9 Journ\u00e9e internationale pour la paix par les Nations unies en 2001. Dans ce cadre, les villes et les communes peuvent, du 21 au 26 [&hellip;]","protected":false},"author":2,"featured_media":14573,"comment_status":"closed","ping_status":"closed","sticky":false,"template":"","format":"standard","meta":{"_acf_changed":false,"footnotes":""},"categories":[71],"tags":[],"class_list":["post-14572","post","type-post","status-publish","format-standard","has-post-thumbnail","hentry","category-depuis-la-maison-communale"],"acf":[],"_links":{"self":[{"href":"https:\/\/www.kelmis.be\/fr\/wp-json\/wp\/v2\/posts\/14572","targetHints":{"allow":["GET"]}}],"collection":[{"href":"https:\/\/www.kelmis.be\/fr\/wp-json\/wp\/v2\/posts"}],"about":[{"href":"https:\/\/www.kelmis.be\/fr\/wp-json\/wp\/v2\/types\/post"}],"author":[{"embeddable":true,"href":"https:\/\/www.kelmis.be\/fr\/wp-json\/wp\/v2\/users\/2"}],"replies":[{"embeddable":true,"href":"https:\/\/www.kelmis.be\/fr\/wp-json\/wp\/v2\/comments?post=14572"}],"version-history":[{"count":1,"href":"https:\/\/www.kelmis.be\/fr\/wp-json\/wp\/v2\/posts\/14572\/revisions"}],"predecessor-version":[{"id":14574,"href":"https:\/\/www.kelmis.be\/fr\/wp-json\/wp\/v2\/posts\/14572\/revisions\/14574"}],"wp:featuredmedia":[{"embeddable":true,"href":"https:\/\/www.kelmis.be\/fr\/wp-json\/wp\/v2\/media\/14573"}],"wp:attachment":[{"href":"https:\/\/www.kelmis.be\/fr\/wp-json\/wp\/v2\/media?parent=14572"}],"wp:term":[{"taxonomy":"category","embeddable":true,"href":"https:\/\/www.kelmis.be\/fr\/wp-json\/wp\/v2\/categories?post=14572"},{"taxonomy":"post_tag","embeddable":true,"href":"https:\/\/www.kelmis.be\/fr\/wp-json\/wp\/v2\/tags?post=14572"}],"curies":[{"name":"wp","href":"https:\/\/api.w.org\/{rel}","templated":true}]}}