{"id":14523,"date":"2024-09-19T15:16:51","date_gmt":"2024-09-19T13:16:51","guid":{"rendered":"https:\/\/www.kelmis.be\/?p=14523"},"modified":"2024-09-19T15:37:42","modified_gmt":"2024-09-19T13:37:42","slug":"les-affiches-electorales-peuvent-etre-apposees-a-partir-de-dimanche","status":"publish","type":"post","link":"https:\/\/www.kelmis.be\/fr\/depuis-la-maison-communale\/les-affiches-electorales-peuvent-etre-apposees-a-partir-de-dimanche","title":{"rendered":"Les affiches \u00e9lectorales peuvent \u00eatre appos\u00e9es \u00e0 partir de dimanche"},"content":{"rendered":"<p>A partir de dimanche, les listes\/partis en lice pour les \u00e9lections des conseils communaux et provinciaux du 13 octobre pourront apposer leurs affiches \u00e9lectorales aux endroits pr\u00e9vus \u00e0 cet effet :<\/p>\n<p>-place de l&rsquo;\u00e9glise \u00e0 La Calamine ;<\/p>\n<p>-rue des Carabiniers \u00e0 La Calamine ;<\/p>\n<p>-Jansm\u00fchle \u00e0 Neu-Moresnet (photo) ;<\/p>\n<p>-rue Altenberg \u00e0 Hergenrath ;<\/p>\n<p>-pr\u00e8s de l&rsquo;Eglise \u00e0 Hergenrath.<\/p>\n<p>Les panneaux d&rsquo;affichage sont repartis en deux parties, l&rsquo;une (celle du dessus) r\u00e9serv\u00e9e aux \u00e9lections communales, l&rsquo;autre (en-dessous) au scrutin provincial.<\/p>\n<p>Il est interdit d&rsquo;apposer des publicit\u00e9s \u00e9lectorales sur des arbres, des poteaux, des panneaux de signalisation ou d&rsquo;autres installations de fournisseurs.<\/p>\n<p>L&rsquo;affichage de la propagande \u00e9lectorale sur un terrain priv\u00e9 requiert l&rsquo;autorisation \u00e9crite du propri\u00e9taire ou de l&rsquo;usufruitier du bien immobilier.<\/p>\n<p>L&rsquo;apposition de la propagande \u00e9lectorale sur les panneaux d&rsquo;affichage est autoris\u00e9e pendant la p\u00e9riode \u00e9lectorale qui d\u00e9bute trois semaines avant le jour du scrutin. La publicit\u00e9 \u00e9lectorale doit \u00eatre retir\u00e9e au plus tard dans la semaine qui suit l&rsquo;\u00e9lection.<\/p>\n<p>La publicit\u00e9 \u00e9lectorale install\u00e9e de mani\u00e8re irr\u00e9guli\u00e8re est retir\u00e9e moyennant des frais.<\/p>\n","protected":false},"excerpt":{"rendered":"A partir de dimanche, les listes\/partis en lice pour les \u00e9lections des conseils communaux et provinciaux du 13 octobre pourront apposer leurs affiches \u00e9lectorales aux endroits pr\u00e9vus \u00e0 cet effet : -place de l&rsquo;\u00e9glise \u00e0 La Calamine ; -rue des Carabiniers \u00e0 La Calamine ; -Jansm\u00fchle \u00e0 Neu-Moresnet (photo) ; -rue Altenberg \u00e0 Hergenrath ; [&hellip;]","protected":false},"author":2,"featured_media":14525,"comment_status":"closed","ping_status":"closed","sticky":false,"template":"","format":"standard","meta":{"_acf_changed":false,"footnotes":""},"categories":[71],"tags":[],"class_list":["post-14523","post","type-post","status-publish","format-standard","has-post-thumbnail","hentry","category-depuis-la-maison-communale"],"acf":[],"_links":{"self":[{"href":"https:\/\/www.kelmis.be\/fr\/wp-json\/wp\/v2\/posts\/14523","targetHints":{"allow":["GET"]}}],"collection":[{"href":"https:\/\/www.kelmis.be\/fr\/wp-json\/wp\/v2\/posts"}],"about":[{"href":"https:\/\/www.kelmis.be\/fr\/wp-json\/wp\/v2\/types\/post"}],"author":[{"embeddable":true,"href":"https:\/\/www.kelmis.be\/fr\/wp-json\/wp\/v2\/users\/2"}],"replies":[{"embeddable":true,"href":"https:\/\/www.kelmis.be\/fr\/wp-json\/wp\/v2\/comments?post=14523"}],"version-history":[{"count":2,"href":"https:\/\/www.kelmis.be\/fr\/wp-json\/wp\/v2\/posts\/14523\/revisions"}],"predecessor-version":[{"id":14527,"href":"https:\/\/www.kelmis.be\/fr\/wp-json\/wp\/v2\/posts\/14523\/revisions\/14527"}],"wp:featuredmedia":[{"embeddable":true,"href":"https:\/\/www.kelmis.be\/fr\/wp-json\/wp\/v2\/media\/14525"}],"wp:attachment":[{"href":"https:\/\/www.kelmis.be\/fr\/wp-json\/wp\/v2\/media?parent=14523"}],"wp:term":[{"taxonomy":"category","embeddable":true,"href":"https:\/\/www.kelmis.be\/fr\/wp-json\/wp\/v2\/categories?post=14523"},{"taxonomy":"post_tag","embeddable":true,"href":"https:\/\/www.kelmis.be\/fr\/wp-json\/wp\/v2\/tags?post=14523"}],"curies":[{"name":"wp","href":"https:\/\/api.w.org\/{rel}","templated":true}]}}