{"id":14473,"date":"2024-09-12T15:33:32","date_gmt":"2024-09-12T13:33:32","guid":{"rendered":"https:\/\/www.kelmis.be\/?p=14473"},"modified":"2024-09-12T15:35:00","modified_gmt":"2024-09-12T13:35:00","slug":"modalites-de-reservation-changees-pour-le-repas-de-midi-a-la-residence-leoni","status":"publish","type":"post","link":"https:\/\/www.kelmis.be\/fr\/depuis-la-maison-communale\/modalites-de-reservation-changees-pour-le-repas-de-midi-a-la-residence-leoni","title":{"rendered":"Modalit\u00e9s de r\u00e9servation chang\u00e9es pour le repas de midi \u00e0 la R\u00e9sidence Leoni"},"content":{"rendered":"<p>Les modalit\u00e9s de r\u00e9servation pour le repas de midi \u00e0 la R\u00e9sidence Leoni (chaque semaine les mardis et jeudis) sont adapt\u00e9es. D\u00e9sormais, il est demand\u00e9 de faire les r\u00e9servations par t\u00e9l\u00e9phone ou en personne \u00e0 la fin de chaque mois pour le mois suivant. Exemple : Les personnes qui souhaitent profiter de l&rsquo;offre (enti\u00e8rement ou en partie) de la r\u00e9sidence en octobre doivent communiquer les dates souhait\u00e9es avant fin septembre. Au total, 17 places sont disponibles \u00e0 la caf\u00e9t\u00e9ria. R\u00e9servations au 087\/32 69 00. La table de midi propose une entr\u00e9e, un plat et un dessert pour seulement 7,50 euros.<\/p>\n","protected":false},"excerpt":{"rendered":"Les modalit\u00e9s de r\u00e9servation pour le repas de midi \u00e0 la R\u00e9sidence Leoni (chaque semaine les mardis et jeudis) sont adapt\u00e9es. D\u00e9sormais, il est demand\u00e9 de faire les r\u00e9servations par t\u00e9l\u00e9phone ou en personne \u00e0 la fin de chaque mois pour le mois suivant. Exemple : Les personnes qui souhaitent profiter de l&rsquo;offre (enti\u00e8rement ou [&hellip;]","protected":false},"author":2,"featured_media":14475,"comment_status":"closed","ping_status":"closed","sticky":false,"template":"","format":"standard","meta":{"_acf_changed":false,"footnotes":""},"categories":[71],"tags":[],"class_list":["post-14473","post","type-post","status-publish","format-standard","has-post-thumbnail","hentry","category-depuis-la-maison-communale"],"acf":[],"_links":{"self":[{"href":"https:\/\/www.kelmis.be\/fr\/wp-json\/wp\/v2\/posts\/14473","targetHints":{"allow":["GET"]}}],"collection":[{"href":"https:\/\/www.kelmis.be\/fr\/wp-json\/wp\/v2\/posts"}],"about":[{"href":"https:\/\/www.kelmis.be\/fr\/wp-json\/wp\/v2\/types\/post"}],"author":[{"embeddable":true,"href":"https:\/\/www.kelmis.be\/fr\/wp-json\/wp\/v2\/users\/2"}],"replies":[{"embeddable":true,"href":"https:\/\/www.kelmis.be\/fr\/wp-json\/wp\/v2\/comments?post=14473"}],"version-history":[{"count":1,"href":"https:\/\/www.kelmis.be\/fr\/wp-json\/wp\/v2\/posts\/14473\/revisions"}],"predecessor-version":[{"id":14476,"href":"https:\/\/www.kelmis.be\/fr\/wp-json\/wp\/v2\/posts\/14473\/revisions\/14476"}],"wp:featuredmedia":[{"embeddable":true,"href":"https:\/\/www.kelmis.be\/fr\/wp-json\/wp\/v2\/media\/14475"}],"wp:attachment":[{"href":"https:\/\/www.kelmis.be\/fr\/wp-json\/wp\/v2\/media?parent=14473"}],"wp:term":[{"taxonomy":"category","embeddable":true,"href":"https:\/\/www.kelmis.be\/fr\/wp-json\/wp\/v2\/categories?post=14473"},{"taxonomy":"post_tag","embeddable":true,"href":"https:\/\/www.kelmis.be\/fr\/wp-json\/wp\/v2\/tags?post=14473"}],"curies":[{"name":"wp","href":"https:\/\/api.w.org\/{rel}","templated":true}]}}