{"id":14421,"date":"2024-09-02T16:23:19","date_gmt":"2024-09-02T14:23:19","guid":{"rendered":"https:\/\/www.kelmis.be\/?p=14421"},"modified":"2024-09-02T16:23:19","modified_gmt":"2024-09-02T14:23:19","slug":"debut-de-lannee-scolaire-dans-notre-commune-deux-videos-sur-notre-chaine-youtube","status":"publish","type":"post","link":"https:\/\/www.kelmis.be\/fr\/actualite-dans-la-commune\/debut-de-lannee-scolaire-dans-notre-commune-deux-videos-sur-notre-chaine-youtube","title":{"rendered":"D\u00e9but de l&rsquo;ann\u00e9e scolaire dans notre commune : deux vid\u00e9os sur notre cha\u00eene YouTube"},"content":{"rendered":"<p>D\u00e9but de l&rsquo;ann\u00e9e scolaire 2024-2025 dans nos \u00e9coles communales de La Calamine et de Hergenrath. Nous souhaitons \u00e0 tous les \u00e9l\u00e8ves, \u00e0 leurs parents et \u00e0 tous les enseignant(e)s une ann\u00e9e pleine de succ\u00e8s. Sur notre cha\u00eene YouTube, vous pouvez voir u<strong><a href=\"https:\/\/www.youtube.com\/watch?v=LH13SJS1_GA\">ne vid\u00e9o des \u00e9l\u00e8ves de deuxi\u00e8me ann\u00e9e<\/a><\/strong> et un enregistrement <strong><a href=\"https:\/\/www.youtube.com\/watch?v=DZxnOFArIiU&amp;t=10s\">des \u00e9l\u00e8ves de premi\u00e8re ann\u00e9e<\/a><\/strong> de l&rsquo;\u00e9cole communale de Hergenrath.<\/p>\n","protected":false},"excerpt":{"rendered":"D\u00e9but de l&rsquo;ann\u00e9e scolaire 2024-2025 dans nos \u00e9coles communales de La Calamine et de Hergenrath. Nous souhaitons \u00e0 tous les \u00e9l\u00e8ves, \u00e0 leurs parents et \u00e0 tous les enseignant(e)s une ann\u00e9e pleine de succ\u00e8s. Sur notre cha\u00eene YouTube, vous pouvez voir une vid\u00e9o des \u00e9l\u00e8ves de deuxi\u00e8me ann\u00e9e et un enregistrement des \u00e9l\u00e8ves de premi\u00e8re [&hellip;]","protected":false},"author":2,"featured_media":14422,"comment_status":"closed","ping_status":"closed","sticky":false,"template":"","format":"standard","meta":{"_acf_changed":false,"footnotes":""},"categories":[70],"tags":[],"class_list":["post-14421","post","type-post","status-publish","format-standard","has-post-thumbnail","hentry","category-actualite-dans-la-commune"],"acf":[],"_links":{"self":[{"href":"https:\/\/www.kelmis.be\/fr\/wp-json\/wp\/v2\/posts\/14421","targetHints":{"allow":["GET"]}}],"collection":[{"href":"https:\/\/www.kelmis.be\/fr\/wp-json\/wp\/v2\/posts"}],"about":[{"href":"https:\/\/www.kelmis.be\/fr\/wp-json\/wp\/v2\/types\/post"}],"author":[{"embeddable":true,"href":"https:\/\/www.kelmis.be\/fr\/wp-json\/wp\/v2\/users\/2"}],"replies":[{"embeddable":true,"href":"https:\/\/www.kelmis.be\/fr\/wp-json\/wp\/v2\/comments?post=14421"}],"version-history":[{"count":1,"href":"https:\/\/www.kelmis.be\/fr\/wp-json\/wp\/v2\/posts\/14421\/revisions"}],"predecessor-version":[{"id":14432,"href":"https:\/\/www.kelmis.be\/fr\/wp-json\/wp\/v2\/posts\/14421\/revisions\/14432"}],"wp:featuredmedia":[{"embeddable":true,"href":"https:\/\/www.kelmis.be\/fr\/wp-json\/wp\/v2\/media\/14422"}],"wp:attachment":[{"href":"https:\/\/www.kelmis.be\/fr\/wp-json\/wp\/v2\/media?parent=14421"}],"wp:term":[{"taxonomy":"category","embeddable":true,"href":"https:\/\/www.kelmis.be\/fr\/wp-json\/wp\/v2\/categories?post=14421"},{"taxonomy":"post_tag","embeddable":true,"href":"https:\/\/www.kelmis.be\/fr\/wp-json\/wp\/v2\/tags?post=14421"}],"curies":[{"name":"wp","href":"https:\/\/api.w.org\/{rel}","templated":true}]}}