{"id":14406,"date":"2024-09-02T07:01:28","date_gmt":"2024-09-02T05:01:28","guid":{"rendered":"https:\/\/www.kelmis.be\/?p=14406"},"modified":"2024-09-01T20:50:51","modified_gmt":"2024-09-01T18:50:51","slug":"nous-souhaitons-a-tous-les-enfants-de-notre-commune-une-excellente-rentree-scolaire","status":"publish","type":"post","link":"https:\/\/www.kelmis.be\/fr\/actualite-dans-la-commune\/nous-souhaitons-a-tous-les-enfants-de-notre-commune-une-excellente-rentree-scolaire","title":{"rendered":"Nous souhaitons \u00e0 tous les enfants de notre commune une excellente rentr\u00e9e scolaire"},"content":{"rendered":"<p>Ce matin, c&rsquo;est la rentr\u00e9e scolaire. Comme pour Olivia Fiorito (photo), c&rsquo;est la premi\u00e8re ann\u00e9e d&rsquo;\u00e9cole primaire pour de nombreux enfants de notre commune. Nous souhaitons \u00e0 Olivia, qui fr\u00e9quente l&rsquo;\u00e9cole communale de La Calamine, et \u00e0 tous les autres enfants un merveilleux premier jour d&rsquo;\u00e9cole et beaucoup de succ\u00e8s pour les mois \u00e0 venir.\ud83c\udf40<\/p>\n","protected":false},"excerpt":{"rendered":"Ce matin, c&rsquo;est la rentr\u00e9e scolaire. Comme pour Olivia Fiorito (photo), c&rsquo;est la premi\u00e8re ann\u00e9e d&rsquo;\u00e9cole primaire pour de nombreux enfants de notre commune. Nous souhaitons \u00e0 Olivia, qui fr\u00e9quente l&rsquo;\u00e9cole communale de La Calamine, et \u00e0 tous les autres enfants un merveilleux premier jour d&rsquo;\u00e9cole et beaucoup de succ\u00e8s pour les mois \u00e0 venir.\ud83c\udf40","protected":false},"author":2,"featured_media":14407,"comment_status":"closed","ping_status":"closed","sticky":false,"template":"","format":"standard","meta":{"_acf_changed":false,"footnotes":""},"categories":[70],"tags":[],"class_list":["post-14406","post","type-post","status-publish","format-standard","has-post-thumbnail","hentry","category-actualite-dans-la-commune"],"acf":[],"_links":{"self":[{"href":"https:\/\/www.kelmis.be\/fr\/wp-json\/wp\/v2\/posts\/14406","targetHints":{"allow":["GET"]}}],"collection":[{"href":"https:\/\/www.kelmis.be\/fr\/wp-json\/wp\/v2\/posts"}],"about":[{"href":"https:\/\/www.kelmis.be\/fr\/wp-json\/wp\/v2\/types\/post"}],"author":[{"embeddable":true,"href":"https:\/\/www.kelmis.be\/fr\/wp-json\/wp\/v2\/users\/2"}],"replies":[{"embeddable":true,"href":"https:\/\/www.kelmis.be\/fr\/wp-json\/wp\/v2\/comments?post=14406"}],"version-history":[{"count":1,"href":"https:\/\/www.kelmis.be\/fr\/wp-json\/wp\/v2\/posts\/14406\/revisions"}],"predecessor-version":[{"id":14408,"href":"https:\/\/www.kelmis.be\/fr\/wp-json\/wp\/v2\/posts\/14406\/revisions\/14408"}],"wp:featuredmedia":[{"embeddable":true,"href":"https:\/\/www.kelmis.be\/fr\/wp-json\/wp\/v2\/media\/14407"}],"wp:attachment":[{"href":"https:\/\/www.kelmis.be\/fr\/wp-json\/wp\/v2\/media?parent=14406"}],"wp:term":[{"taxonomy":"category","embeddable":true,"href":"https:\/\/www.kelmis.be\/fr\/wp-json\/wp\/v2\/categories?post=14406"},{"taxonomy":"post_tag","embeddable":true,"href":"https:\/\/www.kelmis.be\/fr\/wp-json\/wp\/v2\/tags?post=14406"}],"curies":[{"name":"wp","href":"https:\/\/api.w.org\/{rel}","templated":true}]}}