{"id":14379,"date":"2024-08-29T14:44:04","date_gmt":"2024-08-29T12:44:04","guid":{"rendered":"https:\/\/www.kelmis.be\/?p=14379"},"modified":"2024-08-29T14:44:04","modified_gmt":"2024-08-29T12:44:04","slug":"assainissement-dune-station-service-dossier-consultable-jusqu-au-24-septembre","status":"publish","type":"post","link":"https:\/\/www.kelmis.be\/fr\/actualite-dans-la-commune\/assainissement-dune-station-service-dossier-consultable-jusqu-au-24-septembre","title":{"rendered":"Assainissement d&rsquo;une station-service : dossier consultable jusqu&rsquo; au 24 septembre"},"content":{"rendered":"<p>Le coll\u00e8ge communal fait savoir qu\u2019en vertu du D\u00e9cret relatif \u00e0 la gestion et \u00e0 l\u2019assainissement des sols, le Service public de Wallonie \u2013 Direction de l\u2019Assainissement des Sols est saisi d\u2019une demande de projet d\u2019assainissement. Cette demande est introduite par Tankstelle OHN Th\u00e9o PgmbH Route de Li\u00e8ge 255 4720 La Calamine.<\/p>\n<p>Le dossier peut \u00eatre consult\u00e9 du 2 au 24 septembre sur rendez-vous les jours ouvrables de 9 h \u00e0 12 h et de 14 h \u00e0 15h30 \u00e0 l\u2019adresse suivante \u2013 Administration communale \u2013 Service environnement rue de l\u2019Eglise, 31 \u00e0 4720 La Calamine. L\u2019administration est ferm\u00e9e le 9 septembre pour cause de kermesse.<\/p>\n","protected":false},"excerpt":{"rendered":"Le coll\u00e8ge communal fait savoir qu\u2019en vertu du D\u00e9cret relatif \u00e0 la gestion et \u00e0 l\u2019assainissement des sols, le Service public de Wallonie \u2013 Direction de l\u2019Assainissement des Sols est saisi d\u2019une demande de projet d\u2019assainissement. Cette demande est introduite par Tankstelle OHN Th\u00e9o PgmbH Route de Li\u00e8ge 255 4720 La Calamine. Le dossier peut [&hellip;]","protected":false},"author":2,"featured_media":13975,"comment_status":"closed","ping_status":"closed","sticky":false,"template":"","format":"standard","meta":{"_acf_changed":false,"footnotes":""},"categories":[70],"tags":[],"class_list":["post-14379","post","type-post","status-publish","format-standard","has-post-thumbnail","hentry","category-actualite-dans-la-commune"],"acf":[],"_links":{"self":[{"href":"https:\/\/www.kelmis.be\/fr\/wp-json\/wp\/v2\/posts\/14379","targetHints":{"allow":["GET"]}}],"collection":[{"href":"https:\/\/www.kelmis.be\/fr\/wp-json\/wp\/v2\/posts"}],"about":[{"href":"https:\/\/www.kelmis.be\/fr\/wp-json\/wp\/v2\/types\/post"}],"author":[{"embeddable":true,"href":"https:\/\/www.kelmis.be\/fr\/wp-json\/wp\/v2\/users\/2"}],"replies":[{"embeddable":true,"href":"https:\/\/www.kelmis.be\/fr\/wp-json\/wp\/v2\/comments?post=14379"}],"version-history":[{"count":1,"href":"https:\/\/www.kelmis.be\/fr\/wp-json\/wp\/v2\/posts\/14379\/revisions"}],"predecessor-version":[{"id":14380,"href":"https:\/\/www.kelmis.be\/fr\/wp-json\/wp\/v2\/posts\/14379\/revisions\/14380"}],"wp:featuredmedia":[{"embeddable":true,"href":"https:\/\/www.kelmis.be\/fr\/wp-json\/wp\/v2\/media\/13975"}],"wp:attachment":[{"href":"https:\/\/www.kelmis.be\/fr\/wp-json\/wp\/v2\/media?parent=14379"}],"wp:term":[{"taxonomy":"category","embeddable":true,"href":"https:\/\/www.kelmis.be\/fr\/wp-json\/wp\/v2\/categories?post=14379"},{"taxonomy":"post_tag","embeddable":true,"href":"https:\/\/www.kelmis.be\/fr\/wp-json\/wp\/v2\/tags?post=14379"}],"curies":[{"name":"wp","href":"https:\/\/api.w.org\/{rel}","templated":true}]}}