{"id":14347,"date":"2024-08-26T13:03:40","date_gmt":"2024-08-26T11:03:40","guid":{"rendered":"https:\/\/www.kelmis.be\/?p=14347"},"modified":"2024-08-26T13:04:45","modified_gmt":"2024-08-26T11:04:45","slug":"reparation-de-la-commune-contrat-de-financement-signe","status":"publish","type":"post","link":"https:\/\/www.kelmis.be\/fr\/depuis-la-maison-communale\/reparation-de-la-commune-contrat-de-financement-signe","title":{"rendered":"R\u00e9paration de la piscine : contrat de financement sign\u00e9"},"content":{"rendered":"<p>L&rsquo;\u00e9chevin Mirko Braem a sign\u00e9 aujourd&rsquo;hui le contrat de financement de la Communaut\u00e9 germanophone (sans int\u00e9r\u00eat, d&rsquo;un montant de 440.000 euros), qui servira \u00e0 payer les premiers travaux de r\u00e9paration de notre piscine communale. \u00ab Nous remercions le gouvernement pour sa rapidit\u00e9 d&rsquo;action \u00bb, commente Mirko Braem. Braem a sign\u00e9 le document en tant qu&rsquo;administrateur d\u00e9l\u00e9gu\u00e9 de la R\u00e9gie communale autonome Galmei (AGR), qui est responsable de la piscine. Vendredi matin, une autre d\u00e9cision importante sera prise dans le dossier de la piscine. Le tribunal des entreprises d&rsquo;Eupen d\u00e9cidera alors si l&rsquo;entreprise Pellikaan doit poser de nouveaux carreaux imm\u00e9diatement apr\u00e8s le retrait des carreaux d\u00e9fectueux (en septembre) ordonn\u00e9e par le tribunal. Cela permettrait de garantir la reprise de l&rsquo;exploitation de la piscine.<\/p>\n","protected":false},"excerpt":{"rendered":"L&rsquo;\u00e9chevin Mirko Braem a sign\u00e9 aujourd&rsquo;hui le contrat de financement de la Communaut\u00e9 germanophone (sans int\u00e9r\u00eat, d&rsquo;un montant de 440.000 euros), qui servira \u00e0 payer les premiers travaux de r\u00e9paration de notre piscine communale. \u00ab Nous remercions le gouvernement pour sa rapidit\u00e9 d&rsquo;action \u00bb, commente Mirko Braem. Braem a sign\u00e9 le document en tant qu&rsquo;administrateur [&hellip;]","protected":false},"author":2,"featured_media":14348,"comment_status":"closed","ping_status":"closed","sticky":false,"template":"","format":"standard","meta":{"_acf_changed":false,"footnotes":""},"categories":[71],"tags":[],"class_list":["post-14347","post","type-post","status-publish","format-standard","has-post-thumbnail","hentry","category-depuis-la-maison-communale"],"acf":[],"_links":{"self":[{"href":"https:\/\/www.kelmis.be\/fr\/wp-json\/wp\/v2\/posts\/14347","targetHints":{"allow":["GET"]}}],"collection":[{"href":"https:\/\/www.kelmis.be\/fr\/wp-json\/wp\/v2\/posts"}],"about":[{"href":"https:\/\/www.kelmis.be\/fr\/wp-json\/wp\/v2\/types\/post"}],"author":[{"embeddable":true,"href":"https:\/\/www.kelmis.be\/fr\/wp-json\/wp\/v2\/users\/2"}],"replies":[{"embeddable":true,"href":"https:\/\/www.kelmis.be\/fr\/wp-json\/wp\/v2\/comments?post=14347"}],"version-history":[{"count":2,"href":"https:\/\/www.kelmis.be\/fr\/wp-json\/wp\/v2\/posts\/14347\/revisions"}],"predecessor-version":[{"id":14350,"href":"https:\/\/www.kelmis.be\/fr\/wp-json\/wp\/v2\/posts\/14347\/revisions\/14350"}],"wp:featuredmedia":[{"embeddable":true,"href":"https:\/\/www.kelmis.be\/fr\/wp-json\/wp\/v2\/media\/14348"}],"wp:attachment":[{"href":"https:\/\/www.kelmis.be\/fr\/wp-json\/wp\/v2\/media?parent=14347"}],"wp:term":[{"taxonomy":"category","embeddable":true,"href":"https:\/\/www.kelmis.be\/fr\/wp-json\/wp\/v2\/categories?post=14347"},{"taxonomy":"post_tag","embeddable":true,"href":"https:\/\/www.kelmis.be\/fr\/wp-json\/wp\/v2\/tags?post=14347"}],"curies":[{"name":"wp","href":"https:\/\/api.w.org\/{rel}","templated":true}]}}