{"id":14285,"date":"2024-08-14T09:22:12","date_gmt":"2024-08-14T07:22:12","guid":{"rendered":"https:\/\/www.kelmis.be\/?p=14285"},"modified":"2024-08-14T09:22:12","modified_gmt":"2024-08-14T07:22:12","slug":"nos-services-sont-fermes-le-jour-de-lassomption-ce-jeudi","status":"publish","type":"post","link":"https:\/\/www.kelmis.be\/fr\/depuis-la-maison-communale\/nos-services-sont-fermes-le-jour-de-lassomption-ce-jeudi","title":{"rendered":"Nos services sont ferm\u00e9s le jour de l&rsquo;Assomption, ce jeudi"},"content":{"rendered":"<p>Ce jeudi est f\u00eat\u00e9e l&rsquo;Assomption. Nos services sont ferm\u00e9s ce jour-l\u00e0 et rouvriront le vendredi.<\/p>\n","protected":false},"excerpt":{"rendered":"Ce jeudi est f\u00eat\u00e9e l&rsquo;Assomption. Nos services sont ferm\u00e9s ce jour-l\u00e0 et rouvriront le vendredi.","protected":false},"author":2,"featured_media":14286,"comment_status":"closed","ping_status":"closed","sticky":false,"template":"","format":"standard","meta":{"_acf_changed":false,"footnotes":""},"categories":[71],"tags":[],"class_list":["post-14285","post","type-post","status-publish","format-standard","has-post-thumbnail","hentry","category-depuis-la-maison-communale"],"acf":[],"_links":{"self":[{"href":"https:\/\/www.kelmis.be\/fr\/wp-json\/wp\/v2\/posts\/14285","targetHints":{"allow":["GET"]}}],"collection":[{"href":"https:\/\/www.kelmis.be\/fr\/wp-json\/wp\/v2\/posts"}],"about":[{"href":"https:\/\/www.kelmis.be\/fr\/wp-json\/wp\/v2\/types\/post"}],"author":[{"embeddable":true,"href":"https:\/\/www.kelmis.be\/fr\/wp-json\/wp\/v2\/users\/2"}],"replies":[{"embeddable":true,"href":"https:\/\/www.kelmis.be\/fr\/wp-json\/wp\/v2\/comments?post=14285"}],"version-history":[{"count":1,"href":"https:\/\/www.kelmis.be\/fr\/wp-json\/wp\/v2\/posts\/14285\/revisions"}],"predecessor-version":[{"id":14287,"href":"https:\/\/www.kelmis.be\/fr\/wp-json\/wp\/v2\/posts\/14285\/revisions\/14287"}],"wp:featuredmedia":[{"embeddable":true,"href":"https:\/\/www.kelmis.be\/fr\/wp-json\/wp\/v2\/media\/14286"}],"wp:attachment":[{"href":"https:\/\/www.kelmis.be\/fr\/wp-json\/wp\/v2\/media?parent=14285"}],"wp:term":[{"taxonomy":"category","embeddable":true,"href":"https:\/\/www.kelmis.be\/fr\/wp-json\/wp\/v2\/categories?post=14285"},{"taxonomy":"post_tag","embeddable":true,"href":"https:\/\/www.kelmis.be\/fr\/wp-json\/wp\/v2\/tags?post=14285"}],"curies":[{"name":"wp","href":"https:\/\/api.w.org\/{rel}","templated":true}]}}