{"id":14273,"date":"2024-08-12T14:54:57","date_gmt":"2024-08-12T12:54:57","guid":{"rendered":"https:\/\/www.kelmis.be\/?p=14273"},"modified":"2024-08-12T14:54:57","modified_gmt":"2024-08-12T12:54:57","slug":"ores-effectue-des-travaux-le-cpas-sera-ferme-ce-mercredi-matin","status":"publish","type":"post","link":"https:\/\/www.kelmis.be\/fr\/actualite-dans-la-commune\/ores-effectue-des-travaux-le-cpas-sera-ferme-ce-mercredi-matin","title":{"rendered":"ORES effectue des travaux: le CPAS sera ferm\u00e9 ce mercredi matin"},"content":{"rendered":"<p>En raison de travaux effectu\u00e9s par le gestionnaire du r\u00e9seau de distribution ORES dans la rue Max, le CPAS sera ferm\u00e9 mercredi matin. Nous vous remercions de votre compr\u00e9hension.<\/p>\n","protected":false},"excerpt":{"rendered":"En raison de travaux effectu\u00e9s par le gestionnaire du r\u00e9seau de distribution ORES dans la rue Max, le CPAS sera ferm\u00e9 mercredi matin. Nous vous remercions de votre compr\u00e9hension.","protected":false},"author":2,"featured_media":14274,"comment_status":"closed","ping_status":"closed","sticky":false,"template":"","format":"standard","meta":{"_acf_changed":false,"footnotes":""},"categories":[70],"tags":[],"class_list":["post-14273","post","type-post","status-publish","format-standard","has-post-thumbnail","hentry","category-actualite-dans-la-commune"],"acf":[],"_links":{"self":[{"href":"https:\/\/www.kelmis.be\/fr\/wp-json\/wp\/v2\/posts\/14273","targetHints":{"allow":["GET"]}}],"collection":[{"href":"https:\/\/www.kelmis.be\/fr\/wp-json\/wp\/v2\/posts"}],"about":[{"href":"https:\/\/www.kelmis.be\/fr\/wp-json\/wp\/v2\/types\/post"}],"author":[{"embeddable":true,"href":"https:\/\/www.kelmis.be\/fr\/wp-json\/wp\/v2\/users\/2"}],"replies":[{"embeddable":true,"href":"https:\/\/www.kelmis.be\/fr\/wp-json\/wp\/v2\/comments?post=14273"}],"version-history":[{"count":1,"href":"https:\/\/www.kelmis.be\/fr\/wp-json\/wp\/v2\/posts\/14273\/revisions"}],"predecessor-version":[{"id":14275,"href":"https:\/\/www.kelmis.be\/fr\/wp-json\/wp\/v2\/posts\/14273\/revisions\/14275"}],"wp:featuredmedia":[{"embeddable":true,"href":"https:\/\/www.kelmis.be\/fr\/wp-json\/wp\/v2\/media\/14274"}],"wp:attachment":[{"href":"https:\/\/www.kelmis.be\/fr\/wp-json\/wp\/v2\/media?parent=14273"}],"wp:term":[{"taxonomy":"category","embeddable":true,"href":"https:\/\/www.kelmis.be\/fr\/wp-json\/wp\/v2\/categories?post=14273"},{"taxonomy":"post_tag","embeddable":true,"href":"https:\/\/www.kelmis.be\/fr\/wp-json\/wp\/v2\/tags?post=14273"}],"curies":[{"name":"wp","href":"https:\/\/api.w.org\/{rel}","templated":true}]}}