{"id":14126,"date":"2024-07-16T12:52:23","date_gmt":"2024-07-16T10:52:23","guid":{"rendered":"https:\/\/www.kelmis.be\/?p=14126"},"modified":"2024-07-03T12:53:55","modified_gmt":"2024-07-03T10:53:55","slug":"te-deum-fete-le-21-juillet-avec-toutes-les-communautes-religieuses","status":"publish","type":"post","link":"https:\/\/www.kelmis.be\/fr\/actualite-dans-la-commune\/te-deum-fete-le-21-juillet-avec-toutes-les-communautes-religieuses","title":{"rendered":"Te Deum f\u00eat\u00e9 le 21 juillet avec toutes les communaut\u00e9s religieuses"},"content":{"rendered":"<p>A l&rsquo;occasion de la f\u00eate nationale du 21 juillet, un Te Deum sera c\u00e9l\u00e9br\u00e9 dans notre commune \u00e0 14 heures dans l&rsquo;\u00e9glise paroissiale Notre-Dame de l&rsquo;Assomption. La particularit\u00e9 de ce Te Deum : il est organis\u00e9 depuis quelques ann\u00e9es en plusieurs langues et de mani\u00e8re \u0153cum\u00e9nique avec toutes les communaut\u00e9s religieuses reconnues. Invitation cordiale \u00e0 toutes et \u00e0 tous.<\/p>\n","protected":false},"excerpt":{"rendered":"A l&rsquo;occasion de la f\u00eate nationale du 21 juillet, un Te Deum sera c\u00e9l\u00e9br\u00e9 dans notre commune \u00e0 14 heures dans l&rsquo;\u00e9glise paroissiale Notre-Dame de l&rsquo;Assomption. La particularit\u00e9 de ce Te Deum : il est organis\u00e9 depuis quelques ann\u00e9es en plusieurs langues et de mani\u00e8re \u0153cum\u00e9nique avec toutes les communaut\u00e9s religieuses reconnues. Invitation cordiale \u00e0 [&hellip;]","protected":false},"author":2,"featured_media":14127,"comment_status":"closed","ping_status":"closed","sticky":false,"template":"","format":"standard","meta":{"_acf_changed":false,"footnotes":""},"categories":[70],"tags":[],"class_list":["post-14126","post","type-post","status-publish","format-standard","has-post-thumbnail","hentry","category-actualite-dans-la-commune"],"acf":[],"_links":{"self":[{"href":"https:\/\/www.kelmis.be\/fr\/wp-json\/wp\/v2\/posts\/14126","targetHints":{"allow":["GET"]}}],"collection":[{"href":"https:\/\/www.kelmis.be\/fr\/wp-json\/wp\/v2\/posts"}],"about":[{"href":"https:\/\/www.kelmis.be\/fr\/wp-json\/wp\/v2\/types\/post"}],"author":[{"embeddable":true,"href":"https:\/\/www.kelmis.be\/fr\/wp-json\/wp\/v2\/users\/2"}],"replies":[{"embeddable":true,"href":"https:\/\/www.kelmis.be\/fr\/wp-json\/wp\/v2\/comments?post=14126"}],"version-history":[{"count":1,"href":"https:\/\/www.kelmis.be\/fr\/wp-json\/wp\/v2\/posts\/14126\/revisions"}],"predecessor-version":[{"id":14128,"href":"https:\/\/www.kelmis.be\/fr\/wp-json\/wp\/v2\/posts\/14126\/revisions\/14128"}],"wp:featuredmedia":[{"embeddable":true,"href":"https:\/\/www.kelmis.be\/fr\/wp-json\/wp\/v2\/media\/14127"}],"wp:attachment":[{"href":"https:\/\/www.kelmis.be\/fr\/wp-json\/wp\/v2\/media?parent=14126"}],"wp:term":[{"taxonomy":"category","embeddable":true,"href":"https:\/\/www.kelmis.be\/fr\/wp-json\/wp\/v2\/categories?post=14126"},{"taxonomy":"post_tag","embeddable":true,"href":"https:\/\/www.kelmis.be\/fr\/wp-json\/wp\/v2\/tags?post=14126"}],"curies":[{"name":"wp","href":"https:\/\/api.w.org\/{rel}","templated":true}]}}