{"id":13992,"date":"2024-06-27T12:55:00","date_gmt":"2024-06-27T10:55:00","guid":{"rendered":"https:\/\/www.kelmis.be\/?p=13992"},"modified":"2024-06-27T12:55:00","modified_gmt":"2024-06-27T10:55:00","slug":"travaux-dans-la-rue-altenberg-la-semaine-prochaine","status":"publish","type":"post","link":"https:\/\/www.kelmis.be\/fr\/circulation\/travaux-dans-la-rue-altenberg-la-semaine-prochaine","title":{"rendered":"Travaux dans la rue Altenberg la semaine prochaine"},"content":{"rendered":"<p>Dans le cadre du projet \u00abWallonie cyclable\u00bb, l&rsquo;entreprise Baguette devrait (en fonction des conditions m\u00e9t\u00e9orologiques) r\u00e9nover la couche d&rsquo;asphalte dans la rue Altenberg \u00e0 partir du 1er juillet, pour ensuite (en ao\u00fbt) poser des bandes ocre pour les pistes cyclables sur la chauss\u00e9e. Les travaux sont pr\u00e9vus pour une dur\u00e9e maximale de deux semaines.<\/p>\n<p>La rue Max et la rue Altenberg seront partiellement ferm\u00e9es pendant la dur\u00e9e des travaux. Lors des travaux de pr\u00e9paration et de fraisage, seule la circulation des pompiers et des ambulances depuis et jusqu&rsquo;\u00e0 la caserne (y compris l&rsquo;arriv\u00e9e du personnel), la circulation des bus ainsi que l&rsquo;acc\u00e8s pour les riverains des zones concern\u00e9es ainsi que les rues secondaires seront autoris\u00e9s sur le tron\u00e7on en question.<\/p>\n<p>Lors de la pose de la couche de roulement, la zone sera compl\u00e8tement ferm\u00e9e, sans aucune d\u00e9rogation. Les riverains, qui ont \u00e9t\u00e9 inform\u00e9s par d\u00e9pliants, devront alors garer leurs voitures en dehors de la zone, les bus (lignes 728 et 396) seront d\u00e9vi\u00e9s et la caserne des pompiers sera d\u00e9localis\u00e9e au d\u00e9p\u00f4t communal.<\/p>\n<p>Pendant les travaux, la circulation automobile g\u00e9n\u00e9rale sera d\u00e9vi\u00e9e par la rue d\u2019Aix-la-Chapelle, Schievenh\u00f6vel et Roter Pfuhl.<\/p>\n<p>Nous informerons sur le d\u00e9roulement du chantier via notre site web.<\/p>\n","protected":false},"excerpt":{"rendered":"Dans le cadre du projet \u00abWallonie cyclable\u00bb, l&rsquo;entreprise Baguette devrait (en fonction des conditions m\u00e9t\u00e9orologiques) r\u00e9nover la couche d&rsquo;asphalte dans la rue Altenberg \u00e0 partir du 1er juillet, pour ensuite (en ao\u00fbt) poser des bandes ocre pour les pistes cyclables sur la chauss\u00e9e. Les travaux sont pr\u00e9vus pour une dur\u00e9e maximale de deux semaines. La [&hellip;]","protected":false},"author":2,"featured_media":13993,"comment_status":"closed","ping_status":"closed","sticky":false,"template":"","format":"standard","meta":{"_acf_changed":false,"footnotes":""},"categories":[74],"tags":[],"class_list":["post-13992","post","type-post","status-publish","format-standard","has-post-thumbnail","hentry","category-circulation"],"acf":[],"_links":{"self":[{"href":"https:\/\/www.kelmis.be\/fr\/wp-json\/wp\/v2\/posts\/13992","targetHints":{"allow":["GET"]}}],"collection":[{"href":"https:\/\/www.kelmis.be\/fr\/wp-json\/wp\/v2\/posts"}],"about":[{"href":"https:\/\/www.kelmis.be\/fr\/wp-json\/wp\/v2\/types\/post"}],"author":[{"embeddable":true,"href":"https:\/\/www.kelmis.be\/fr\/wp-json\/wp\/v2\/users\/2"}],"replies":[{"embeddable":true,"href":"https:\/\/www.kelmis.be\/fr\/wp-json\/wp\/v2\/comments?post=13992"}],"version-history":[{"count":1,"href":"https:\/\/www.kelmis.be\/fr\/wp-json\/wp\/v2\/posts\/13992\/revisions"}],"predecessor-version":[{"id":13994,"href":"https:\/\/www.kelmis.be\/fr\/wp-json\/wp\/v2\/posts\/13992\/revisions\/13994"}],"wp:featuredmedia":[{"embeddable":true,"href":"https:\/\/www.kelmis.be\/fr\/wp-json\/wp\/v2\/media\/13993"}],"wp:attachment":[{"href":"https:\/\/www.kelmis.be\/fr\/wp-json\/wp\/v2\/media?parent=13992"}],"wp:term":[{"taxonomy":"category","embeddable":true,"href":"https:\/\/www.kelmis.be\/fr\/wp-json\/wp\/v2\/categories?post=13992"},{"taxonomy":"post_tag","embeddable":true,"href":"https:\/\/www.kelmis.be\/fr\/wp-json\/wp\/v2\/tags?post=13992"}],"curies":[{"name":"wp","href":"https:\/\/api.w.org\/{rel}","templated":true}]}}