{"id":13980,"date":"2024-06-26T13:44:09","date_gmt":"2024-06-26T11:44:09","guid":{"rendered":"https:\/\/www.kelmis.be\/?p=13980"},"modified":"2024-06-26T13:44:09","modified_gmt":"2024-06-26T11:44:09","slug":"le-programme-complet-de-nos-concerts-de-terrasse-en-juillet","status":"publish","type":"post","link":"https:\/\/www.kelmis.be\/fr\/evenement\/le-programme-complet-de-nos-concerts-de-terrasse-en-juillet","title":{"rendered":"Le programme complet de nos concerts de terrasse en juillet"},"content":{"rendered":"<p>Le programme de nos concerts d&rsquo;\u00e9t\u00e9 en terrasse en juillet est pr\u00eat. Voici les dates exactes :<\/p>\n<p><strong>Samedi 6 juillet <\/strong><br \/>\n<strong>18h<\/strong><br \/>\nLa Terrasse (pr\u00e8s du Park Caf\u00e9) : Bauke Meersman<br \/>\nRatskeller : Romy Conzen<br \/>\n<strong>19h15<\/strong><br \/>\nRatskeller : Bauke Meersman<br \/>\nCaf\u00e9 des Artistes : Romy Conzen<br \/>\n<strong>20h30<\/strong><br \/>\nPetit Caf\u00e9 : Bauke Meersman<br \/>\nLa Terrasse : Romy Conzen<\/p>\n<p><strong>Dimanche 7 juillet<\/strong><br \/>\n<strong>16h<\/strong><br \/>\nRatskeller : Vapour Eyes<br \/>\n<strong>17h15<\/strong><br \/>\nLa Terrasse : Vapour Eyes<br \/>\n<strong>18h30\u00a0<\/strong><br \/>\nD&rsquo;r Lange Ruwe : Vapour Eye<\/p>\n<p><strong>Samedi 13 juillet<\/strong><br \/>\n<strong>18h<\/strong><br \/>\nRatskeller : Just Nous<br \/>\n<strong>19h15<\/strong><br \/>\nLa Terrasse : Just Nous<br \/>\n<strong>20h30<\/strong><br \/>\nCaf\u00e9 des Artistes : Just Nous<\/p>\n<p><strong>Dimanche 14 juillet<\/strong><br \/>\n<strong>16h<\/strong><br \/>\nD&rsquo;r Lange Ruwe : Latopek&rsquo;s<br \/>\n<strong>17h15<\/strong><br \/>\nAu petit Caf\u00e9 : Latopek&rsquo;s<br \/>\n<strong>18h30<\/strong><br \/>\nCaf\u00e9 des Artistes : Latopek&rsquo;s<\/p>\n<p><strong>Samedi 20 juillet<\/strong><br \/>\n<strong>18h<\/strong><br \/>\nAu petit Caf\u00e9 : Dashboard Angels<br \/>\nLa Terrasse : Fred Straet<br \/>\n<strong>19h15<\/strong><br \/>\nCaf\u00e9 des Artistes : Dashboard Angels<br \/>\nRatskeller : Fred Straet<br \/>\n<strong>20.30 h<\/strong><br \/>\nD&rsquo;r Lange Ruwe : Dashboard Angels<br \/>\nAu petit Caf\u00e9 : Fred Straet<\/p>\n<p><strong>Samedi 27 juillet<\/strong><br \/>\n<strong>18h<\/strong><br \/>\nAu petit Caf\u00e9 : Wiewieneke<br \/>\nIm Winkel : The Shettys<br \/>\n<strong>19h15<\/strong><br \/>\nD&rsquo;r Lange Ruwe : Wiewieneke<br \/>\nCaf\u00e9 des Artistes : The Shettys<br \/>\n<strong>20h30\u00a0<\/strong><br \/>\nRatskeller : Wiewieneke<br \/>\nD&rsquo;r Lange Ruwe : The Shettys<\/p>\n<p><strong>Dimanche 28 juillet<\/strong><br \/>\n<strong>16h<\/strong><br \/>\nAu petit Caf\u00e9 : Guido Staps<br \/>\nCaf\u00e9 des Artistes : Spring Tree<br \/>\n<strong>17h15<\/strong><br \/>\nD&rsquo;r Lange Ruwe : Guido Staps<br \/>\nIm Winkel : Spring Tree<br \/>\n<strong>19h<\/strong><br \/>\nKermesse de Hergenrath : Guido Staps<br \/>\n<strong>19h<\/strong><br \/>\nLa Terrasse : Spring Tree<\/p>\n<p>En cas de mauvais temps, les concerts auront lieu dans les caf\u00e9s respectifs. Les concerts devant le Park Caf\u00e9 seront alors d\u00e9plac\u00e9s \u00e0 la Maison Charlemagne.<\/p>\n","protected":false},"excerpt":{"rendered":"Le programme de nos concerts d&rsquo;\u00e9t\u00e9 en terrasse en juillet est pr\u00eat. Voici les dates exactes : Samedi 6 juillet 18h La Terrasse (pr\u00e8s du Park Caf\u00e9) : Bauke Meersman Ratskeller : Romy Conzen 19h15 Ratskeller : Bauke Meersman Caf\u00e9 des Artistes : Romy Conzen 20h30 Petit Caf\u00e9 : Bauke Meersman La Terrasse : Romy [&hellip;]","protected":false},"author":2,"featured_media":13981,"comment_status":"closed","ping_status":"closed","sticky":false,"template":"","format":"standard","meta":{"_acf_changed":false,"footnotes":""},"categories":[73],"tags":[],"class_list":["post-13980","post","type-post","status-publish","format-standard","has-post-thumbnail","hentry","category-evenement"],"acf":[],"_links":{"self":[{"href":"https:\/\/www.kelmis.be\/fr\/wp-json\/wp\/v2\/posts\/13980","targetHints":{"allow":["GET"]}}],"collection":[{"href":"https:\/\/www.kelmis.be\/fr\/wp-json\/wp\/v2\/posts"}],"about":[{"href":"https:\/\/www.kelmis.be\/fr\/wp-json\/wp\/v2\/types\/post"}],"author":[{"embeddable":true,"href":"https:\/\/www.kelmis.be\/fr\/wp-json\/wp\/v2\/users\/2"}],"replies":[{"embeddable":true,"href":"https:\/\/www.kelmis.be\/fr\/wp-json\/wp\/v2\/comments?post=13980"}],"version-history":[{"count":1,"href":"https:\/\/www.kelmis.be\/fr\/wp-json\/wp\/v2\/posts\/13980\/revisions"}],"predecessor-version":[{"id":13982,"href":"https:\/\/www.kelmis.be\/fr\/wp-json\/wp\/v2\/posts\/13980\/revisions\/13982"}],"wp:featuredmedia":[{"embeddable":true,"href":"https:\/\/www.kelmis.be\/fr\/wp-json\/wp\/v2\/media\/13981"}],"wp:attachment":[{"href":"https:\/\/www.kelmis.be\/fr\/wp-json\/wp\/v2\/media?parent=13980"}],"wp:term":[{"taxonomy":"category","embeddable":true,"href":"https:\/\/www.kelmis.be\/fr\/wp-json\/wp\/v2\/categories?post=13980"},{"taxonomy":"post_tag","embeddable":true,"href":"https:\/\/www.kelmis.be\/fr\/wp-json\/wp\/v2\/tags?post=13980"}],"curies":[{"name":"wp","href":"https:\/\/api.w.org\/{rel}","templated":true}]}}