{"id":13950,"date":"2024-06-21T18:01:35","date_gmt":"2024-06-21T16:01:35","guid":{"rendered":"https:\/\/www.kelmis.be\/?p=13950"},"modified":"2024-06-20T14:48:50","modified_gmt":"2024-06-20T12:48:50","slug":"premiere-enigme-de-la-chasse-au-tresor","status":"publish","type":"post","link":"https:\/\/www.kelmis.be\/fr\/actualite-dans-la-commune\/premiere-enigme-de-la-chasse-au-tresor","title":{"rendered":"Premi\u00e8re \u00e9nigme de la chasse au tr\u00e9sor"},"content":{"rendered":"<p>Ce vendredi d\u00e9marre la chasse au tr\u00e9sor dans notre commune. Voici la premi\u00e8re \u00e9nigme. De l&rsquo;or d&rsquo;une valeur de 12.500 euros (!!), offert par cinq sponsors (Tychon, Bastin Elektrotechnik, Kartoffelhandel Bonni, GR Powdercoating, Truck Service Sebastian), est cach\u00e9.<br \/>\nLa R\u00e9gie communale autonome (RCA) Galmei est responsable du projet. Chaque semaine, jusqu&rsquo;au 6 septembre, des indices seront publi\u00e9s le vendredi (18 heures) sur nos pages web, Facebook et Instagram. Les indices portent sur l&rsquo;histoire et le patrimoine de notre commune.<br \/>\nChaque \u00e9nigme r\u00e9solue donne lieu \u00e0 une r\u00e9ponse. Apr\u00e8s la derni\u00e8re \u00e9nigme, tous les indices sont r\u00e9unis pour d\u00e9couvrir l&#8217;emplacement du coffre au tr\u00e9sor. Le tr\u00e9sor a \u00e9t\u00e9 cach\u00e9 et non enterr\u00e9.<\/p>\n","protected":false},"excerpt":{"rendered":"Ce vendredi d\u00e9marre la chasse au tr\u00e9sor dans notre commune. Voici la premi\u00e8re \u00e9nigme. De l&rsquo;or d&rsquo;une valeur de 12.500 euros (!!), offert par cinq sponsors (Tychon, Bastin Elektrotechnik, Kartoffelhandel Bonni, GR Powdercoating, Truck Service Sebastian), est cach\u00e9. La R\u00e9gie communale autonome (RCA) Galmei est responsable du projet. Chaque semaine, jusqu&rsquo;au 6 septembre, des indices [&hellip;]","protected":false},"author":2,"featured_media":13951,"comment_status":"closed","ping_status":"closed","sticky":false,"template":"","format":"standard","meta":{"_acf_changed":false,"footnotes":""},"categories":[70],"tags":[],"class_list":["post-13950","post","type-post","status-publish","format-standard","has-post-thumbnail","hentry","category-actualite-dans-la-commune"],"acf":[],"_links":{"self":[{"href":"https:\/\/www.kelmis.be\/fr\/wp-json\/wp\/v2\/posts\/13950","targetHints":{"allow":["GET"]}}],"collection":[{"href":"https:\/\/www.kelmis.be\/fr\/wp-json\/wp\/v2\/posts"}],"about":[{"href":"https:\/\/www.kelmis.be\/fr\/wp-json\/wp\/v2\/types\/post"}],"author":[{"embeddable":true,"href":"https:\/\/www.kelmis.be\/fr\/wp-json\/wp\/v2\/users\/2"}],"replies":[{"embeddable":true,"href":"https:\/\/www.kelmis.be\/fr\/wp-json\/wp\/v2\/comments?post=13950"}],"version-history":[{"count":1,"href":"https:\/\/www.kelmis.be\/fr\/wp-json\/wp\/v2\/posts\/13950\/revisions"}],"predecessor-version":[{"id":13952,"href":"https:\/\/www.kelmis.be\/fr\/wp-json\/wp\/v2\/posts\/13950\/revisions\/13952"}],"wp:featuredmedia":[{"embeddable":true,"href":"https:\/\/www.kelmis.be\/fr\/wp-json\/wp\/v2\/media\/13951"}],"wp:attachment":[{"href":"https:\/\/www.kelmis.be\/fr\/wp-json\/wp\/v2\/media?parent=13950"}],"wp:term":[{"taxonomy":"category","embeddable":true,"href":"https:\/\/www.kelmis.be\/fr\/wp-json\/wp\/v2\/categories?post=13950"},{"taxonomy":"post_tag","embeddable":true,"href":"https:\/\/www.kelmis.be\/fr\/wp-json\/wp\/v2\/tags?post=13950"}],"curies":[{"name":"wp","href":"https:\/\/api.w.org\/{rel}","templated":true}]}}