{"id":13821,"date":"2024-05-29T12:01:32","date_gmt":"2024-05-29T10:01:32","guid":{"rendered":"https:\/\/www.kelmis.be\/?p=13821"},"modified":"2024-05-29T12:01:32","modified_gmt":"2024-05-29T10:01:32","slug":"cinq-bacs-reglables-pour-plus-de-rencontre-sur-la-place-de-leglise","status":"publish","type":"post","link":"https:\/\/www.kelmis.be\/fr\/depuis-la-maison-communale\/cinq-bacs-reglables-pour-plus-de-rencontre-sur-la-place-de-leglise","title":{"rendered":"Cinq bacs r\u00e9glables pour plus de rencontre sur la place de l&rsquo;\u00c9glise"},"content":{"rendered":"<p>Une\u00a0 \u00ab\u00a0for\u00eat urbaine mobile\u00a0\u00bb a \u00e9t\u00e9 install\u00e9e sur la place de l&rsquo;\u00c9glise. Il s&rsquo;agit de cinq bacs r\u00e9glables \u00e9quip\u00e9s d&rsquo;arbres \u00e0 haute tige, de plantes et de si\u00e8ges. Les cinq arbres \u00e0 haute tige sont un houblon europ\u00e9en, un fr\u00eane \u00e0 fleurs, un gaulth\u00e9rie \u00e0 petites feuilles, un poirier \u00e0 larges feuilles et un poirier \u00e0 feuilles de saule. Dans les plates-bandes, on trouve des p\u00e9tunias, des cosmos jaunes, des verveines et de la sauge. Les bacs en bois ont \u00e9t\u00e9 fabriqu\u00e9s par nos collaborateurs du d\u00e9p\u00f4t communal, Jean-Pierre et Andy, tandis que les coll\u00e8gues Brigitte et Anne se sont charg\u00e9es de la plantation. \u00ab\u00a0Les bacs font partie du concept de rencontre sur notre place de l&rsquo;\u00c9glise\u00a0\u00bb, explique l&rsquo;\u00e9chevin Marcel Henn.<\/p>\n<p>Pour la p\u00e9riode du march\u00e9 hebdomadaire (le jeudi), les bacs sont d\u00e9plac\u00e9s de quelques m\u00e8tres le mercredi apr\u00e8s-midi dans une zone sans stands de march\u00e9, puis ils seront replac\u00e9s \u00e0 l&rsquo;issue du march\u00e9. Des r\u00e9flexions sont en cours pour \u00e9ventuellement int\u00e9grer les bacs dans le plan d&rsquo;am\u00e9nagement global du march\u00e9.<\/p>\n","protected":false},"excerpt":{"rendered":"Une\u00a0 \u00ab\u00a0for\u00eat urbaine mobile\u00a0\u00bb a \u00e9t\u00e9 install\u00e9e sur la place de l&rsquo;\u00c9glise. Il s&rsquo;agit de cinq bacs r\u00e9glables \u00e9quip\u00e9s d&rsquo;arbres \u00e0 haute tige, de plantes et de si\u00e8ges. Les cinq arbres \u00e0 haute tige sont un houblon europ\u00e9en, un fr\u00eane \u00e0 fleurs, un gaulth\u00e9rie \u00e0 petites feuilles, un poirier \u00e0 larges feuilles et un poirier [&hellip;]","protected":false},"author":2,"featured_media":13822,"comment_status":"closed","ping_status":"closed","sticky":false,"template":"","format":"standard","meta":{"_acf_changed":false,"footnotes":""},"categories":[71],"tags":[],"class_list":["post-13821","post","type-post","status-publish","format-standard","has-post-thumbnail","hentry","category-depuis-la-maison-communale"],"acf":[],"_links":{"self":[{"href":"https:\/\/www.kelmis.be\/fr\/wp-json\/wp\/v2\/posts\/13821","targetHints":{"allow":["GET"]}}],"collection":[{"href":"https:\/\/www.kelmis.be\/fr\/wp-json\/wp\/v2\/posts"}],"about":[{"href":"https:\/\/www.kelmis.be\/fr\/wp-json\/wp\/v2\/types\/post"}],"author":[{"embeddable":true,"href":"https:\/\/www.kelmis.be\/fr\/wp-json\/wp\/v2\/users\/2"}],"replies":[{"embeddable":true,"href":"https:\/\/www.kelmis.be\/fr\/wp-json\/wp\/v2\/comments?post=13821"}],"version-history":[{"count":1,"href":"https:\/\/www.kelmis.be\/fr\/wp-json\/wp\/v2\/posts\/13821\/revisions"}],"predecessor-version":[{"id":13823,"href":"https:\/\/www.kelmis.be\/fr\/wp-json\/wp\/v2\/posts\/13821\/revisions\/13823"}],"wp:featuredmedia":[{"embeddable":true,"href":"https:\/\/www.kelmis.be\/fr\/wp-json\/wp\/v2\/media\/13822"}],"wp:attachment":[{"href":"https:\/\/www.kelmis.be\/fr\/wp-json\/wp\/v2\/media?parent=13821"}],"wp:term":[{"taxonomy":"category","embeddable":true,"href":"https:\/\/www.kelmis.be\/fr\/wp-json\/wp\/v2\/categories?post=13821"},{"taxonomy":"post_tag","embeddable":true,"href":"https:\/\/www.kelmis.be\/fr\/wp-json\/wp\/v2\/tags?post=13821"}],"curies":[{"name":"wp","href":"https:\/\/api.w.org\/{rel}","templated":true}]}}