{"id":13797,"date":"2024-05-27T14:05:36","date_gmt":"2024-05-27T12:05:36","guid":{"rendered":"https:\/\/www.kelmis.be\/?p=13797"},"modified":"2024-05-27T14:05:45","modified_gmt":"2024-05-27T12:05:45","slug":"nouveaux-jeux-et-rochers-descalade-pour-le-parc-a-hergenrath","status":"publish","type":"post","link":"https:\/\/www.kelmis.be\/fr\/actualite-dans-la-commune\/nouveaux-jeux-et-rochers-descalade-pour-le-parc-a-hergenrath","title":{"rendered":"Nouveaux jeux et rochers d&rsquo;escalade pour le parc \u00e0 Hergenrath"},"content":{"rendered":"<p>Les travaux d&rsquo;installation de nouveaux jeux avancent dans le parc communal de Hergenrath. D&rsquo;ici la fin de la semaine, trois rochers d&rsquo;escalade devraient \u00eatre install\u00e9s. Ensuite, une nouvelle tyrolienne, qui avait \u00e9t\u00e9 d\u00e9truite par un acte de vandalisme, sera install\u00e9e. D\u00e8s que la tyrolienne sera pr\u00eate, les deux jeux pourront \u00eatre mis en service.<\/p>\n<p>En outre, un carrousel accessible aux personnes handicap\u00e9es, un parcours de fitness et un terrain de football sont pr\u00e9vus \u00e0 c\u00f4t\u00e9 du Dirtpark. \u00ab\u00a0L&rsquo;objectif est que les nouveaux \u00e9quipements de jeux puissent \u00eatre utilis\u00e9s d&rsquo;ici la fin du mois de juin\u00a0\u00bb, explique Marc Krauth, chef du d\u00e9p\u00f4t communal.<\/p>\n","protected":false},"excerpt":{"rendered":"Les travaux d&rsquo;installation de nouveaux jeux avancent dans le parc communal de Hergenrath. D&rsquo;ici la fin de la semaine, trois rochers d&rsquo;escalade devraient \u00eatre install\u00e9s. Ensuite, une nouvelle tyrolienne, qui avait \u00e9t\u00e9 d\u00e9truite par un acte de vandalisme, sera install\u00e9e. D\u00e8s que la tyrolienne sera pr\u00eate, les deux jeux pourront \u00eatre mis en service. En [&hellip;]","protected":false},"author":2,"featured_media":13798,"comment_status":"closed","ping_status":"closed","sticky":false,"template":"","format":"standard","meta":{"_acf_changed":false,"footnotes":""},"categories":[70],"tags":[],"class_list":["post-13797","post","type-post","status-publish","format-standard","has-post-thumbnail","hentry","category-actualite-dans-la-commune"],"acf":[],"_links":{"self":[{"href":"https:\/\/www.kelmis.be\/fr\/wp-json\/wp\/v2\/posts\/13797","targetHints":{"allow":["GET"]}}],"collection":[{"href":"https:\/\/www.kelmis.be\/fr\/wp-json\/wp\/v2\/posts"}],"about":[{"href":"https:\/\/www.kelmis.be\/fr\/wp-json\/wp\/v2\/types\/post"}],"author":[{"embeddable":true,"href":"https:\/\/www.kelmis.be\/fr\/wp-json\/wp\/v2\/users\/2"}],"replies":[{"embeddable":true,"href":"https:\/\/www.kelmis.be\/fr\/wp-json\/wp\/v2\/comments?post=13797"}],"version-history":[{"count":1,"href":"https:\/\/www.kelmis.be\/fr\/wp-json\/wp\/v2\/posts\/13797\/revisions"}],"predecessor-version":[{"id":13799,"href":"https:\/\/www.kelmis.be\/fr\/wp-json\/wp\/v2\/posts\/13797\/revisions\/13799"}],"wp:featuredmedia":[{"embeddable":true,"href":"https:\/\/www.kelmis.be\/fr\/wp-json\/wp\/v2\/media\/13798"}],"wp:attachment":[{"href":"https:\/\/www.kelmis.be\/fr\/wp-json\/wp\/v2\/media?parent=13797"}],"wp:term":[{"taxonomy":"category","embeddable":true,"href":"https:\/\/www.kelmis.be\/fr\/wp-json\/wp\/v2\/categories?post=13797"},{"taxonomy":"post_tag","embeddable":true,"href":"https:\/\/www.kelmis.be\/fr\/wp-json\/wp\/v2\/tags?post=13797"}],"curies":[{"name":"wp","href":"https:\/\/api.w.org\/{rel}","templated":true}]}}