{"id":13776,"date":"2024-05-23T11:11:27","date_gmt":"2024-05-23T09:11:27","guid":{"rendered":"https:\/\/www.kelmis.be\/?p=13776"},"modified":"2024-05-23T11:11:27","modified_gmt":"2024-05-23T09:11:27","slug":"marche-hebdomadaire-le-parking-devant-la-poste-sera-ferme-tous-les-jeudis-matin","status":"publish","type":"post","link":"https:\/\/www.kelmis.be\/fr\/depuis-la-maison-communale\/marche-hebdomadaire-le-parking-devant-la-poste-sera-ferme-tous-les-jeudis-matin","title":{"rendered":"March\u00e9 hebdomadaire : Le parking devant la poste sera ferm\u00e9 tous les jeudis matin"},"content":{"rendered":"<p>Rappel important \u00e0 tous les utilisateurs et utilisatrices du parking devant la poste : Le jeudi matin, il est interdit de s&rsquo;y garer afin de lib\u00e9rer de l&rsquo;espace suppl\u00e9mentaire pour le march\u00e9 hebdomadaire. A partir de jeudi prochain, le parking sera ferm\u00e9 toutes les semaines \u00e0 partir de 6 heures du matin afin que les commer\u00e7ants aient suffisamment de place pour installer leurs stands. Les voitures gar\u00e9es sur le parking \u00e0 cette heure-l\u00e0 recevront un PV.<\/p>\n","protected":false},"excerpt":{"rendered":"Rappel important \u00e0 tous les utilisateurs et utilisatrices du parking devant la poste : Le jeudi matin, il est interdit de s&rsquo;y garer afin de lib\u00e9rer de l&rsquo;espace suppl\u00e9mentaire pour le march\u00e9 hebdomadaire. A partir de jeudi prochain, le parking sera ferm\u00e9 toutes les semaines \u00e0 partir de 6 heures du matin afin que les [&hellip;]","protected":false},"author":2,"featured_media":13777,"comment_status":"closed","ping_status":"closed","sticky":false,"template":"","format":"standard","meta":{"_acf_changed":false,"footnotes":""},"categories":[71],"tags":[],"class_list":["post-13776","post","type-post","status-publish","format-standard","has-post-thumbnail","hentry","category-depuis-la-maison-communale"],"acf":[],"_links":{"self":[{"href":"https:\/\/www.kelmis.be\/fr\/wp-json\/wp\/v2\/posts\/13776","targetHints":{"allow":["GET"]}}],"collection":[{"href":"https:\/\/www.kelmis.be\/fr\/wp-json\/wp\/v2\/posts"}],"about":[{"href":"https:\/\/www.kelmis.be\/fr\/wp-json\/wp\/v2\/types\/post"}],"author":[{"embeddable":true,"href":"https:\/\/www.kelmis.be\/fr\/wp-json\/wp\/v2\/users\/2"}],"replies":[{"embeddable":true,"href":"https:\/\/www.kelmis.be\/fr\/wp-json\/wp\/v2\/comments?post=13776"}],"version-history":[{"count":1,"href":"https:\/\/www.kelmis.be\/fr\/wp-json\/wp\/v2\/posts\/13776\/revisions"}],"predecessor-version":[{"id":13778,"href":"https:\/\/www.kelmis.be\/fr\/wp-json\/wp\/v2\/posts\/13776\/revisions\/13778"}],"wp:featuredmedia":[{"embeddable":true,"href":"https:\/\/www.kelmis.be\/fr\/wp-json\/wp\/v2\/media\/13777"}],"wp:attachment":[{"href":"https:\/\/www.kelmis.be\/fr\/wp-json\/wp\/v2\/media?parent=13776"}],"wp:term":[{"taxonomy":"category","embeddable":true,"href":"https:\/\/www.kelmis.be\/fr\/wp-json\/wp\/v2\/categories?post=13776"},{"taxonomy":"post_tag","embeddable":true,"href":"https:\/\/www.kelmis.be\/fr\/wp-json\/wp\/v2\/tags?post=13776"}],"curies":[{"name":"wp","href":"https:\/\/api.w.org\/{rel}","templated":true}]}}