{"id":13740,"date":"2024-05-16T13:50:15","date_gmt":"2024-05-16T11:50:15","guid":{"rendered":"https:\/\/www.kelmis.be\/?p=13740"},"modified":"2024-05-16T13:50:15","modified_gmt":"2024-05-16T11:50:15","slug":"declaration-dintention-pour-une-meilleure-protection-contre-les-inondations","status":"publish","type":"post","link":"https:\/\/www.kelmis.be\/fr\/actualite-dans-la-commune\/declaration-dintention-pour-une-meilleure-protection-contre-les-inondations","title":{"rendered":"D\u00e9claration d&rsquo;intention pour une meilleure protection contre les inondations"},"content":{"rendered":"<p>Mardi, des repr\u00e9sentants communaux, en notre nom l&rsquo;\u00e9chevin Marcel Henn, et le programme Waterveiligheid en Ruimte Limburg (WRL) ont sign\u00e9 une d\u00e9claration d&rsquo;intention pour une coop\u00e9ration internationale dans le bassin versant belge de la Gueule. La d\u00e9claration d&rsquo;intention a \u00e9t\u00e9 sign\u00e9e par les communes de Raeren, Bleyberg, La Calamine, Lontzen et Welkenraedt et le programme WRL. C&rsquo;est la premi\u00e8re fois que les Pays-Bas et la Belgique coop\u00e8rent de cette mani\u00e8re dans le domaine de la gestion des inondations. L&rsquo;objectif est de r\u00e9aliser ensemble une \u00e9tude hydrologique et d&rsquo;\u00e9laborer des mesures visant \u00e0 am\u00e9liorer la s\u00e9curit\u00e9 de l&rsquo;eau tant dans la zone d&rsquo;\u00e9tude belge que dans la province du Limbourg.<\/p>\n<p>Le programme WRL a \u00e9t\u00e9 lanc\u00e9 apr\u00e8s les pr\u00e9cipitations extr\u00eames de l&rsquo;\u00e9t\u00e9 2021. L&rsquo;objectif de WRL est de mieux pr\u00e9parer et prot\u00e9ger la soci\u00e9t\u00e9 limbourgeoise en cas de pr\u00e9cipitations extr\u00eames dues au changement climatique.<\/p>\n","protected":false},"excerpt":{"rendered":"Mardi, des repr\u00e9sentants communaux, en notre nom l&rsquo;\u00e9chevin Marcel Henn, et le programme Waterveiligheid en Ruimte Limburg (WRL) ont sign\u00e9 une d\u00e9claration d&rsquo;intention pour une coop\u00e9ration internationale dans le bassin versant belge de la Gueule. La d\u00e9claration d&rsquo;intention a \u00e9t\u00e9 sign\u00e9e par les communes de Raeren, Bleyberg, La Calamine, Lontzen et Welkenraedt et le programme [&hellip;]","protected":false},"author":2,"featured_media":13741,"comment_status":"closed","ping_status":"closed","sticky":false,"template":"","format":"standard","meta":{"_acf_changed":false,"footnotes":""},"categories":[70],"tags":[],"class_list":["post-13740","post","type-post","status-publish","format-standard","has-post-thumbnail","hentry","category-actualite-dans-la-commune"],"acf":[],"_links":{"self":[{"href":"https:\/\/www.kelmis.be\/fr\/wp-json\/wp\/v2\/posts\/13740","targetHints":{"allow":["GET"]}}],"collection":[{"href":"https:\/\/www.kelmis.be\/fr\/wp-json\/wp\/v2\/posts"}],"about":[{"href":"https:\/\/www.kelmis.be\/fr\/wp-json\/wp\/v2\/types\/post"}],"author":[{"embeddable":true,"href":"https:\/\/www.kelmis.be\/fr\/wp-json\/wp\/v2\/users\/2"}],"replies":[{"embeddable":true,"href":"https:\/\/www.kelmis.be\/fr\/wp-json\/wp\/v2\/comments?post=13740"}],"version-history":[{"count":1,"href":"https:\/\/www.kelmis.be\/fr\/wp-json\/wp\/v2\/posts\/13740\/revisions"}],"predecessor-version":[{"id":13742,"href":"https:\/\/www.kelmis.be\/fr\/wp-json\/wp\/v2\/posts\/13740\/revisions\/13742"}],"wp:featuredmedia":[{"embeddable":true,"href":"https:\/\/www.kelmis.be\/fr\/wp-json\/wp\/v2\/media\/13741"}],"wp:attachment":[{"href":"https:\/\/www.kelmis.be\/fr\/wp-json\/wp\/v2\/media?parent=13740"}],"wp:term":[{"taxonomy":"category","embeddable":true,"href":"https:\/\/www.kelmis.be\/fr\/wp-json\/wp\/v2\/categories?post=13740"},{"taxonomy":"post_tag","embeddable":true,"href":"https:\/\/www.kelmis.be\/fr\/wp-json\/wp\/v2\/tags?post=13740"}],"curies":[{"name":"wp","href":"https:\/\/api.w.org\/{rel}","templated":true}]}}