{"id":13720,"date":"2024-05-16T11:24:11","date_gmt":"2024-05-16T09:24:11","guid":{"rendered":"https:\/\/www.kelmis.be\/?p=13720"},"modified":"2024-05-16T11:27:32","modified_gmt":"2024-05-16T09:27:32","slug":"les-regles-a-respecter-pour-laffichage-des-panneaux-electoraux","status":"publish","type":"post","link":"https:\/\/www.kelmis.be\/fr\/depuis-la-maison-communale\/les-regles-a-respecter-pour-laffichage-des-panneaux-electoraux","title":{"rendered":"Les r\u00e8gles \u00e0 respecter pour les panneaux \u00e9lectoraux"},"content":{"rendered":"<p>Ces derniers jours, les panneaux d&rsquo;affichage \u00e9lectoraux ont \u00e9t\u00e9 install\u00e9s dans notre commune. Il y a quelques r\u00e8gles \u00e0 respecter pour l&rsquo;affichage :<\/p>\n<p>Les affiches \u00e9lectorales, les inscriptions \u00e9lectorales, les illustrations, les reproductions photographiques, les tracts et les autocollants ne peuvent \u00eatre plac\u00e9s que sur les panneaux d&rsquo;affichage install\u00e9s \u00e0 cet effet aux endroits suivants :<\/p>\n<p>Place de l&rsquo;\u00c9glise \u00e0 La Calamine ;<\/p>\n<p>Rue des Carabiniers \u00e0 La Calamine ;<\/p>\n<p>cit\u00e9 Jansm\u00fchle \u00e0 Neu-Moresnet ;<\/p>\n<p>Rue Altenberg \u00e0 Hergenrath ;<\/p>\n<p>A l&rsquo;\u00e9glise \u00e0 Hergenrath.<\/p>\n<p>Il est interdit d&rsquo;apposer des publicit\u00e9s \u00e9lectorales sur les arbres, les poteaux, les panneaux de signalisation ou autres installations des fournisseurs.<\/p>\n<p>L&rsquo;affichage de la propagande \u00e9lectorale sur un terrain priv\u00e9 est soumis \u00e0 l&rsquo;autorisation \u00e9crite du propri\u00e9taire ou de l&rsquo;usufruitier du bien immobilier.<\/p>\n<p>L&rsquo;apposition de la propagande \u00e9lectorale sur les panneaux d&rsquo;affichage est autoris\u00e9e pendant la p\u00e9riode \u00e9lectorale qui d\u00e9bute trois semaines avant le jour du scrutin. La publicit\u00e9 \u00e9lectorale doit \u00eatre retir\u00e9e au plus tard dans la semaine qui suit l&rsquo;\u00e9lection.<\/p>\n<p>La publicit\u00e9 \u00e9lectorale install\u00e9e de mani\u00e8re irr\u00e9guli\u00e8re est retir\u00e9e moyennant des frais.<\/p>\n","protected":false},"excerpt":{"rendered":"Ces derniers jours, les panneaux d&rsquo;affichage \u00e9lectoraux ont \u00e9t\u00e9 install\u00e9s dans notre commune. Il y a quelques r\u00e8gles \u00e0 respecter pour l&rsquo;affichage : Les affiches \u00e9lectorales, les inscriptions \u00e9lectorales, les illustrations, les reproductions photographiques, les tracts et les autocollants ne peuvent \u00eatre plac\u00e9s que sur les panneaux d&rsquo;affichage install\u00e9s \u00e0 cet effet aux endroits suivants [&hellip;]","protected":false},"author":2,"featured_media":13721,"comment_status":"closed","ping_status":"closed","sticky":false,"template":"","format":"standard","meta":{"_acf_changed":false,"footnotes":""},"categories":[71],"tags":[],"class_list":["post-13720","post","type-post","status-publish","format-standard","has-post-thumbnail","hentry","category-depuis-la-maison-communale"],"acf":[],"_links":{"self":[{"href":"https:\/\/www.kelmis.be\/fr\/wp-json\/wp\/v2\/posts\/13720","targetHints":{"allow":["GET"]}}],"collection":[{"href":"https:\/\/www.kelmis.be\/fr\/wp-json\/wp\/v2\/posts"}],"about":[{"href":"https:\/\/www.kelmis.be\/fr\/wp-json\/wp\/v2\/types\/post"}],"author":[{"embeddable":true,"href":"https:\/\/www.kelmis.be\/fr\/wp-json\/wp\/v2\/users\/2"}],"replies":[{"embeddable":true,"href":"https:\/\/www.kelmis.be\/fr\/wp-json\/wp\/v2\/comments?post=13720"}],"version-history":[{"count":3,"href":"https:\/\/www.kelmis.be\/fr\/wp-json\/wp\/v2\/posts\/13720\/revisions"}],"predecessor-version":[{"id":13724,"href":"https:\/\/www.kelmis.be\/fr\/wp-json\/wp\/v2\/posts\/13720\/revisions\/13724"}],"wp:featuredmedia":[{"embeddable":true,"href":"https:\/\/www.kelmis.be\/fr\/wp-json\/wp\/v2\/media\/13721"}],"wp:attachment":[{"href":"https:\/\/www.kelmis.be\/fr\/wp-json\/wp\/v2\/media?parent=13720"}],"wp:term":[{"taxonomy":"category","embeddable":true,"href":"https:\/\/www.kelmis.be\/fr\/wp-json\/wp\/v2\/categories?post=13720"},{"taxonomy":"post_tag","embeddable":true,"href":"https:\/\/www.kelmis.be\/fr\/wp-json\/wp\/v2\/tags?post=13720"}],"curies":[{"name":"wp","href":"https:\/\/api.w.org\/{rel}","templated":true}]}}