{"id":13695,"date":"2024-05-15T10:25:59","date_gmt":"2024-05-15T08:25:59","guid":{"rendered":"https:\/\/www.kelmis.be\/?p=13695"},"modified":"2024-05-15T10:25:59","modified_gmt":"2024-05-15T08:25:59","slug":"autorisation-de-plaque-dimmatriculation-pour-entree-de-garage","status":"publish","type":"post","link":"https:\/\/www.kelmis.be\/fr\/depuis-la-maison-communale\/autorisation-de-plaque-dimmatriculation-pour-entree-de-garage","title":{"rendered":"Autorisation de plaque d&rsquo;immatriculation pour entr\u00e9e de garage"},"content":{"rendered":"<p>Tous les citoyens et citoyennes de notre commune qui souhaitent \u00e9viter que leur entr\u00e9e de garage ne soit bloqu\u00e9e peuvent demander une autorisation de plaque d&rsquo;immatriculation aupr\u00e8s de l&rsquo;administration. Cette autorisation permet d&rsquo;apposer \u00e0 l&rsquo;entr\u00e9e du garage les plaques d&rsquo;immatriculation qui peuvent y \u00eatre gar\u00e9es. Envoyez un e-mail avec le contrat de location, la preuve de propri\u00e9t\u00e9 ainsi que l&rsquo;indication des plaques d&rsquo;immatriculation attribu\u00e9es \u00e0 l&rsquo;adresse \u00e0 gabriele.sternisa@kelmis.be. Les personnes qui se garent devant le garage sans autorisation recevront un proc\u00e8s-verbal d&rsquo;un montant de 58 euros.<\/p>\n","protected":false},"excerpt":{"rendered":"Tous les citoyens et citoyennes de notre commune qui souhaitent \u00e9viter que leur entr\u00e9e de garage ne soit bloqu\u00e9e peuvent demander une autorisation de plaque d&rsquo;immatriculation aupr\u00e8s de l&rsquo;administration. Cette autorisation permet d&rsquo;apposer \u00e0 l&rsquo;entr\u00e9e du garage les plaques d&rsquo;immatriculation qui peuvent y \u00eatre gar\u00e9es. Envoyez un e-mail avec le contrat de location, la preuve [&hellip;]","protected":false},"author":2,"featured_media":13696,"comment_status":"closed","ping_status":"closed","sticky":false,"template":"","format":"standard","meta":{"_acf_changed":false,"footnotes":""},"categories":[71],"tags":[],"class_list":["post-13695","post","type-post","status-publish","format-standard","has-post-thumbnail","hentry","category-depuis-la-maison-communale"],"acf":[],"_links":{"self":[{"href":"https:\/\/www.kelmis.be\/fr\/wp-json\/wp\/v2\/posts\/13695","targetHints":{"allow":["GET"]}}],"collection":[{"href":"https:\/\/www.kelmis.be\/fr\/wp-json\/wp\/v2\/posts"}],"about":[{"href":"https:\/\/www.kelmis.be\/fr\/wp-json\/wp\/v2\/types\/post"}],"author":[{"embeddable":true,"href":"https:\/\/www.kelmis.be\/fr\/wp-json\/wp\/v2\/users\/2"}],"replies":[{"embeddable":true,"href":"https:\/\/www.kelmis.be\/fr\/wp-json\/wp\/v2\/comments?post=13695"}],"version-history":[{"count":1,"href":"https:\/\/www.kelmis.be\/fr\/wp-json\/wp\/v2\/posts\/13695\/revisions"}],"predecessor-version":[{"id":13697,"href":"https:\/\/www.kelmis.be\/fr\/wp-json\/wp\/v2\/posts\/13695\/revisions\/13697"}],"wp:featuredmedia":[{"embeddable":true,"href":"https:\/\/www.kelmis.be\/fr\/wp-json\/wp\/v2\/media\/13696"}],"wp:attachment":[{"href":"https:\/\/www.kelmis.be\/fr\/wp-json\/wp\/v2\/media?parent=13695"}],"wp:term":[{"taxonomy":"category","embeddable":true,"href":"https:\/\/www.kelmis.be\/fr\/wp-json\/wp\/v2\/categories?post=13695"},{"taxonomy":"post_tag","embeddable":true,"href":"https:\/\/www.kelmis.be\/fr\/wp-json\/wp\/v2\/tags?post=13695"}],"curies":[{"name":"wp","href":"https:\/\/api.w.org\/{rel}","templated":true}]}}