{"id":13689,"date":"2024-05-15T10:10:51","date_gmt":"2024-05-15T08:10:51","guid":{"rendered":"https:\/\/www.kelmis.be\/?p=13689"},"modified":"2024-05-15T18:49:07","modified_gmt":"2024-05-15T16:49:07","slug":"collecte-des-dechets-tous-les-mercredis-et-jeudis","status":"publish","type":"post","link":"https:\/\/www.kelmis.be\/fr\/actualite-dans-la-commune\/collecte-des-dechets-tous-les-mercredis-et-jeudis","title":{"rendered":"Collecte des d\u00e9chets tous les mercredis et jeudis"},"content":{"rendered":"<p>Le mercredi, les d\u00e9chets r\u00e9siduels (sacs oranges) et les d\u00e9chets biologiques (sacs verts) seront collect\u00e9s au centre du village de La Calamine. A la rue de Li\u00e8ge ainsi qu&rsquo;\u00e0 Hergenrath et Neu-Moresnet, le ramassage des d\u00e9chets aura lieu le jeudi. Les sacs poubelles doivent \u00eatre sortis au plus t\u00f4t la veille \u00e0 20 heures et au plus tard le jour m\u00eame \u00e0 6 heures.<\/p>\n<p>Si les ordures n&rsquo;ont pas \u00e9t\u00e9 ramass\u00e9es, les sacs doivent \u00eatre rentr\u00e9s. Pour toute question concernant la collecte des sacs poubelle orange et verts (par BISA), c&rsquo;est la commune (guenther.havenith@kelmis.be) qui est comp\u00e9tente en tant que donneur d&rsquo;ordre.<\/p>\n<p>La collecte des sacs bleus PMC et du papier\/carton a lieu toutes les deux semaines. Ici, c&rsquo;est Intradel (info@intradel.be) qui est l&rsquo;interlocuteur en cas de probl\u00e8me lors de la collecte. Comme pour les d\u00e9chets r\u00e9siduels et biologiques, les sacs bleus ainsi que le papier\/carton doivent \u00eatre sortis au plus tard \u00e0 6 heures le jour du ramassage.<\/p>\n","protected":false},"excerpt":{"rendered":"Le mercredi, les d\u00e9chets r\u00e9siduels (sacs oranges) et les d\u00e9chets biologiques (sacs verts) seront collect\u00e9s au centre du village de La Calamine. A la rue de Li\u00e8ge ainsi qu&rsquo;\u00e0 Hergenrath et Neu-Moresnet, le ramassage des d\u00e9chets aura lieu le jeudi. Les sacs poubelles doivent \u00eatre sortis au plus t\u00f4t la veille \u00e0 20 heures et [&hellip;]","protected":false},"author":2,"featured_media":13690,"comment_status":"closed","ping_status":"closed","sticky":false,"template":"","format":"standard","meta":{"_acf_changed":false,"footnotes":""},"categories":[70],"tags":[],"class_list":["post-13689","post","type-post","status-publish","format-standard","has-post-thumbnail","hentry","category-actualite-dans-la-commune"],"acf":[],"_links":{"self":[{"href":"https:\/\/www.kelmis.be\/fr\/wp-json\/wp\/v2\/posts\/13689","targetHints":{"allow":["GET"]}}],"collection":[{"href":"https:\/\/www.kelmis.be\/fr\/wp-json\/wp\/v2\/posts"}],"about":[{"href":"https:\/\/www.kelmis.be\/fr\/wp-json\/wp\/v2\/types\/post"}],"author":[{"embeddable":true,"href":"https:\/\/www.kelmis.be\/fr\/wp-json\/wp\/v2\/users\/2"}],"replies":[{"embeddable":true,"href":"https:\/\/www.kelmis.be\/fr\/wp-json\/wp\/v2\/comments?post=13689"}],"version-history":[{"count":3,"href":"https:\/\/www.kelmis.be\/fr\/wp-json\/wp\/v2\/posts\/13689\/revisions"}],"predecessor-version":[{"id":13707,"href":"https:\/\/www.kelmis.be\/fr\/wp-json\/wp\/v2\/posts\/13689\/revisions\/13707"}],"wp:featuredmedia":[{"embeddable":true,"href":"https:\/\/www.kelmis.be\/fr\/wp-json\/wp\/v2\/media\/13690"}],"wp:attachment":[{"href":"https:\/\/www.kelmis.be\/fr\/wp-json\/wp\/v2\/media?parent=13689"}],"wp:term":[{"taxonomy":"category","embeddable":true,"href":"https:\/\/www.kelmis.be\/fr\/wp-json\/wp\/v2\/categories?post=13689"},{"taxonomy":"post_tag","embeddable":true,"href":"https:\/\/www.kelmis.be\/fr\/wp-json\/wp\/v2\/tags?post=13689"}],"curies":[{"name":"wp","href":"https:\/\/api.w.org\/{rel}","templated":true}]}}