{"id":13677,"date":"2024-05-14T14:29:12","date_gmt":"2024-05-14T12:29:12","guid":{"rendered":"https:\/\/www.kelmis.be\/?p=13677"},"modified":"2024-05-14T14:29:12","modified_gmt":"2024-05-14T12:29:12","slug":"de-nouveaux-equipements-de-jeu-pour-nos-plaines-de-jeux","status":"publish","type":"post","link":"https:\/\/www.kelmis.be\/fr\/actualite-dans-la-commune\/de-nouveaux-equipements-de-jeu-pour-nos-plaines-de-jeux","title":{"rendered":"De nouveaux \u00e9quipements de jeu pour nos plaines de jeux"},"content":{"rendered":"<p>Les travaux pr\u00e9paratoires pour l&rsquo;installation d&rsquo;un nouvel \u00e9quipement de jeu sont actuellement en cours dans le parc communal de La Calamine. Le ch\u00e2teau \u00e0 grimper (Castillo 3030-1) avec deux toboggans devrait \u00eatre termin\u00e9 \u00e0 la fin de la semaine prochaine. Il peut accueillir 46 enfants. Le module de jeu mesure 6,6 m\u00e8tres de haut et 7,5 m\u00e8tres de large. Les travaux sont r\u00e9alis\u00e9s par une entreprise externe. Une belle tyrolienne de dix m\u00e8tres de long sera \u00e9galement install\u00e9e prochainement dans le parc communal. Ces deux initiatives s&rsquo;inscrivent dans le cadre de la revalorisation de certaines aires de jeux de notre commune. D&rsquo;autres embellissements sont pr\u00e9vus sur l&rsquo;aire de jeux de la Cit\u00e9 Peter Kofferschl\u00e4ger, au T\u00fcljebach et \u00e0 la ferme animali\u00e8re \u00ab Alte Kirche \u00bb \u00e0 Hergenrath (installation d&rsquo;une structure d&rsquo;escalade).<\/p>\n","protected":false},"excerpt":{"rendered":"Les travaux pr\u00e9paratoires pour l&rsquo;installation d&rsquo;un nouvel \u00e9quipement de jeu sont actuellement en cours dans le parc communal de La Calamine. Le ch\u00e2teau \u00e0 grimper (Castillo 3030-1) avec deux toboggans devrait \u00eatre termin\u00e9 \u00e0 la fin de la semaine prochaine. Il peut accueillir 46 enfants. Le module de jeu mesure 6,6 m\u00e8tres de haut et [&hellip;]","protected":false},"author":2,"featured_media":13678,"comment_status":"closed","ping_status":"closed","sticky":false,"template":"","format":"standard","meta":{"_acf_changed":false,"footnotes":""},"categories":[70],"tags":[],"class_list":["post-13677","post","type-post","status-publish","format-standard","has-post-thumbnail","hentry","category-actualite-dans-la-commune"],"acf":[],"_links":{"self":[{"href":"https:\/\/www.kelmis.be\/fr\/wp-json\/wp\/v2\/posts\/13677","targetHints":{"allow":["GET"]}}],"collection":[{"href":"https:\/\/www.kelmis.be\/fr\/wp-json\/wp\/v2\/posts"}],"about":[{"href":"https:\/\/www.kelmis.be\/fr\/wp-json\/wp\/v2\/types\/post"}],"author":[{"embeddable":true,"href":"https:\/\/www.kelmis.be\/fr\/wp-json\/wp\/v2\/users\/2"}],"replies":[{"embeddable":true,"href":"https:\/\/www.kelmis.be\/fr\/wp-json\/wp\/v2\/comments?post=13677"}],"version-history":[{"count":1,"href":"https:\/\/www.kelmis.be\/fr\/wp-json\/wp\/v2\/posts\/13677\/revisions"}],"predecessor-version":[{"id":13679,"href":"https:\/\/www.kelmis.be\/fr\/wp-json\/wp\/v2\/posts\/13677\/revisions\/13679"}],"wp:featuredmedia":[{"embeddable":true,"href":"https:\/\/www.kelmis.be\/fr\/wp-json\/wp\/v2\/media\/13678"}],"wp:attachment":[{"href":"https:\/\/www.kelmis.be\/fr\/wp-json\/wp\/v2\/media?parent=13677"}],"wp:term":[{"taxonomy":"category","embeddable":true,"href":"https:\/\/www.kelmis.be\/fr\/wp-json\/wp\/v2\/categories?post=13677"},{"taxonomy":"post_tag","embeddable":true,"href":"https:\/\/www.kelmis.be\/fr\/wp-json\/wp\/v2\/tags?post=13677"}],"curies":[{"name":"wp","href":"https:\/\/api.w.org\/{rel}","templated":true}]}}