{"id":13495,"date":"2024-04-28T11:30:04","date_gmt":"2024-04-28T09:30:04","guid":{"rendered":"https:\/\/www.kelmis.be\/?p=13495"},"modified":"2024-04-28T11:30:04","modified_gmt":"2024-04-28T09:30:04","slug":"travaux-de-voirie-sur-la-rue-de-liege-ce-lundi","status":"publish","type":"post","link":"https:\/\/www.kelmis.be\/fr\/actualite-dans-la-commune\/travaux-de-voirie-sur-la-rue-de-liege-ce-lundi","title":{"rendered":"Travaux de voirie sur la rue de Li\u00e8ge ce lundi"},"content":{"rendered":"<p>Ce lundi, les travaux de r\u00e9fection du pont \u00e0 rue de Li\u00e8ge, \u00e0 la sortie du village, commenceront. Des feux de signalisation seront install\u00e9s. Les travaux de voirie peuvent entra\u00eener des perturbations dans l&rsquo;approvisionnement en eau. Nous vous tiendrons au courant.<\/p>\n","protected":false},"excerpt":{"rendered":"Ce lundi, les travaux de r\u00e9fection du pont \u00e0 rue de Li\u00e8ge, \u00e0 la sortie du village, commenceront. Des feux de signalisation seront install\u00e9s. Les travaux de voirie peuvent entra\u00eener des perturbations dans l&rsquo;approvisionnement en eau. Nous vous tiendrons au courant.","protected":false},"author":2,"featured_media":13496,"comment_status":"closed","ping_status":"closed","sticky":false,"template":"","format":"standard","meta":{"_acf_changed":false,"footnotes":""},"categories":[70],"tags":[],"class_list":["post-13495","post","type-post","status-publish","format-standard","has-post-thumbnail","hentry","category-actualite-dans-la-commune"],"acf":[],"_links":{"self":[{"href":"https:\/\/www.kelmis.be\/fr\/wp-json\/wp\/v2\/posts\/13495","targetHints":{"allow":["GET"]}}],"collection":[{"href":"https:\/\/www.kelmis.be\/fr\/wp-json\/wp\/v2\/posts"}],"about":[{"href":"https:\/\/www.kelmis.be\/fr\/wp-json\/wp\/v2\/types\/post"}],"author":[{"embeddable":true,"href":"https:\/\/www.kelmis.be\/fr\/wp-json\/wp\/v2\/users\/2"}],"replies":[{"embeddable":true,"href":"https:\/\/www.kelmis.be\/fr\/wp-json\/wp\/v2\/comments?post=13495"}],"version-history":[{"count":1,"href":"https:\/\/www.kelmis.be\/fr\/wp-json\/wp\/v2\/posts\/13495\/revisions"}],"predecessor-version":[{"id":13497,"href":"https:\/\/www.kelmis.be\/fr\/wp-json\/wp\/v2\/posts\/13495\/revisions\/13497"}],"wp:featuredmedia":[{"embeddable":true,"href":"https:\/\/www.kelmis.be\/fr\/wp-json\/wp\/v2\/media\/13496"}],"wp:attachment":[{"href":"https:\/\/www.kelmis.be\/fr\/wp-json\/wp\/v2\/media?parent=13495"}],"wp:term":[{"taxonomy":"category","embeddable":true,"href":"https:\/\/www.kelmis.be\/fr\/wp-json\/wp\/v2\/categories?post=13495"},{"taxonomy":"post_tag","embeddable":true,"href":"https:\/\/www.kelmis.be\/fr\/wp-json\/wp\/v2\/tags?post=13495"}],"curies":[{"name":"wp","href":"https:\/\/api.w.org\/{rel}","templated":true}]}}