{"id":13478,"date":"2024-04-25T21:20:02","date_gmt":"2024-04-25T19:20:02","guid":{"rendered":"https:\/\/www.kelmis.be\/?p=13478"},"modified":"2024-05-06T09:57:56","modified_gmt":"2024-05-06T07:57:56","slug":"presentation-de-la-situation-reelle-dans-le-cadre-du-programme-communal-de-developpement-rural","status":"publish","type":"post","link":"https:\/\/www.kelmis.be\/fr\/evenement\/presentation-de-la-situation-reelle-dans-le-cadre-du-programme-communal-de-developpement-rural","title":{"rendered":"Pr\u00e9sentation de la situation r\u00e9elle dans le cadre du programme communal de d\u00e9veloppement rural"},"content":{"rendered":"<p>La s\u00e9ance de pr\u00e9sentation de la situation dite r\u00e9elle dans le cadre du programme communal de d\u00e9veloppement rural a d\u00e9but\u00e9 aujourd&rsquo;hui \u00e0 l&rsquo;\u00e9cole communale de Hergenrath. Comme on le sait, notre commune a \u00e9t\u00e9 int\u00e9gr\u00e9e dans le PCDR de la R\u00e9gion wallonne. Environ 25 spectateurs (-trices) ont assist\u00e9 \u00e0 la pr\u00e9sentation.<\/p>\n<p>Outre la situation actuelle, les points forts et les points faibles de la commune ont \u00e9galement \u00e9t\u00e9 abord\u00e9s. Lors de ces r\u00e9unions, les citoyens et citoyennes de la commune peuvent pr\u00e9senter des propositions d&rsquo;am\u00e9lioration qui seront int\u00e9gr\u00e9es dans le PCDR.<\/p>\n<p>Les autres dates pour la pr\u00e9sentation de la situation actuelle sont:<\/p>\n<p>Lundi 29 avril \u00e0 20h au centre culturel de Hergenrath<\/p>\n<p>Jeudi 2 mai \u00e0 20h \u00e0 la buvette du RFC Union La Calamine (Neu-Moresnet)<\/p>\n<p>Lundi 6 mai \u00e0 20h au Patronage.<\/p>\n<p>Ceux et celles qui ont d\u00e9j\u00e0 des questions ou des suggestions \u00e0 l&rsquo;avance peuvent toujours s&rsquo;adresser \u00e0 :<\/p>\n<p>WFG &#8211; Anne Bach, cheffe de projet, 087\/568 224,<\/p>\n<p>anne.bach@wfg.be<\/p>\n","protected":false},"excerpt":{"rendered":"La s\u00e9ance de pr\u00e9sentation de la situation dite r\u00e9elle dans le cadre du programme communal de d\u00e9veloppement rural a d\u00e9but\u00e9 aujourd&rsquo;hui \u00e0 l&rsquo;\u00e9cole communale de Hergenrath. Comme on le sait, notre commune a \u00e9t\u00e9 int\u00e9gr\u00e9e dans le PCDR de la R\u00e9gion wallonne. Environ 25 spectateurs (-trices) ont assist\u00e9 \u00e0 la pr\u00e9sentation. Outre la situation actuelle, [&hellip;]","protected":false},"author":2,"featured_media":13480,"comment_status":"closed","ping_status":"closed","sticky":false,"template":"","format":"standard","meta":{"_acf_changed":false,"footnotes":""},"categories":[73],"tags":[],"class_list":["post-13478","post","type-post","status-publish","format-standard","has-post-thumbnail","hentry","category-evenement"],"acf":[],"_links":{"self":[{"href":"https:\/\/www.kelmis.be\/fr\/wp-json\/wp\/v2\/posts\/13478","targetHints":{"allow":["GET"]}}],"collection":[{"href":"https:\/\/www.kelmis.be\/fr\/wp-json\/wp\/v2\/posts"}],"about":[{"href":"https:\/\/www.kelmis.be\/fr\/wp-json\/wp\/v2\/types\/post"}],"author":[{"embeddable":true,"href":"https:\/\/www.kelmis.be\/fr\/wp-json\/wp\/v2\/users\/2"}],"replies":[{"embeddable":true,"href":"https:\/\/www.kelmis.be\/fr\/wp-json\/wp\/v2\/comments?post=13478"}],"version-history":[{"count":2,"href":"https:\/\/www.kelmis.be\/fr\/wp-json\/wp\/v2\/posts\/13478\/revisions"}],"predecessor-version":[{"id":13491,"href":"https:\/\/www.kelmis.be\/fr\/wp-json\/wp\/v2\/posts\/13478\/revisions\/13491"}],"wp:featuredmedia":[{"embeddable":true,"href":"https:\/\/www.kelmis.be\/fr\/wp-json\/wp\/v2\/media\/13480"}],"wp:attachment":[{"href":"https:\/\/www.kelmis.be\/fr\/wp-json\/wp\/v2\/media?parent=13478"}],"wp:term":[{"taxonomy":"category","embeddable":true,"href":"https:\/\/www.kelmis.be\/fr\/wp-json\/wp\/v2\/categories?post=13478"},{"taxonomy":"post_tag","embeddable":true,"href":"https:\/\/www.kelmis.be\/fr\/wp-json\/wp\/v2\/tags?post=13478"}],"curies":[{"name":"wp","href":"https:\/\/api.w.org\/{rel}","templated":true}]}}