{"id":13411,"date":"2024-04-17T18:46:09","date_gmt":"2024-04-17T16:46:09","guid":{"rendered":"https:\/\/www.kelmis.be\/?p=13411"},"modified":"2024-04-17T18:46:24","modified_gmt":"2024-04-17T16:46:24","slug":"pierre-spirou-hompesch-et-betty-geron-fetent-leurs-noces-dor","status":"publish","type":"post","link":"https:\/\/www.kelmis.be\/fr\/actualite-dans-la-commune\/pierre-spirou-hompesch-et-betty-geron-fetent-leurs-noces-dor","title":{"rendered":"Pierre \u00ab\u00a0Spirou\u00a0\u00bb Hompesch et Betty G\u00e9ron f\u00eatent leurs noces d&rsquo;or"},"content":{"rendered":"<p>Toutes nos f\u00e9licitations \u00e0 Pierre \u00ab\u00a0Spirou\u00a0\u00bb Hompesch et Betty G\u00e9ron pour leurs noces d\u2019or.<\/p>\n","protected":false},"excerpt":{"rendered":"Toutes nos f\u00e9licitations \u00e0 Pierre \u00ab\u00a0Spirou\u00a0\u00bb Hompesch et Betty G\u00e9ron pour leurs noces d\u2019or.","protected":false},"author":2,"featured_media":13412,"comment_status":"closed","ping_status":"closed","sticky":false,"template":"","format":"standard","meta":{"_acf_changed":false,"footnotes":""},"categories":[70],"tags":[],"class_list":["post-13411","post","type-post","status-publish","format-standard","has-post-thumbnail","hentry","category-actualite-dans-la-commune"],"acf":[],"_links":{"self":[{"href":"https:\/\/www.kelmis.be\/fr\/wp-json\/wp\/v2\/posts\/13411","targetHints":{"allow":["GET"]}}],"collection":[{"href":"https:\/\/www.kelmis.be\/fr\/wp-json\/wp\/v2\/posts"}],"about":[{"href":"https:\/\/www.kelmis.be\/fr\/wp-json\/wp\/v2\/types\/post"}],"author":[{"embeddable":true,"href":"https:\/\/www.kelmis.be\/fr\/wp-json\/wp\/v2\/users\/2"}],"replies":[{"embeddable":true,"href":"https:\/\/www.kelmis.be\/fr\/wp-json\/wp\/v2\/comments?post=13411"}],"version-history":[{"count":1,"href":"https:\/\/www.kelmis.be\/fr\/wp-json\/wp\/v2\/posts\/13411\/revisions"}],"predecessor-version":[{"id":13413,"href":"https:\/\/www.kelmis.be\/fr\/wp-json\/wp\/v2\/posts\/13411\/revisions\/13413"}],"wp:featuredmedia":[{"embeddable":true,"href":"https:\/\/www.kelmis.be\/fr\/wp-json\/wp\/v2\/media\/13412"}],"wp:attachment":[{"href":"https:\/\/www.kelmis.be\/fr\/wp-json\/wp\/v2\/media?parent=13411"}],"wp:term":[{"taxonomy":"category","embeddable":true,"href":"https:\/\/www.kelmis.be\/fr\/wp-json\/wp\/v2\/categories?post=13411"},{"taxonomy":"post_tag","embeddable":true,"href":"https:\/\/www.kelmis.be\/fr\/wp-json\/wp\/v2\/tags?post=13411"}],"curies":[{"name":"wp","href":"https:\/\/api.w.org\/{rel}","templated":true}]}}