{"id":13403,"date":"2024-04-16T12:51:59","date_gmt":"2024-04-16T10:51:59","guid":{"rendered":"https:\/\/www.kelmis.be\/?p=13403"},"modified":"2024-04-16T12:51:59","modified_gmt":"2024-04-16T10:51:59","slug":"atelier-sur-le-compostage-a-domicile-le-25-mai-a-hergenrath-inscription-souhaitee","status":"publish","type":"post","link":"https:\/\/www.kelmis.be\/fr\/depuis-la-maison-communale\/atelier-sur-le-compostage-a-domicile-le-25-mai-a-hergenrath-inscription-souhaitee","title":{"rendered":"Atelier sur le compostage \u00e0 domicile le 25 mai \u00e0 Hergenrath &#8211; Inscription souhait\u00e9e"},"content":{"rendered":"<p>Le samedi 25 mai, un atelier int\u00e9ressant (9h30-12h) de l\u2019intercommunale Intradel sur le th\u00e8me du compostage \u00e0 domicile aura lieu \u00e0 l&rsquo;\u00e9cole communale de Hergenrath. Gr\u00e2ce au compostage \u00e0 domicile, la quantit\u00e9 de d\u00e9chets biologiques et verts peut \u00eatre r\u00e9duite.<\/p>\n<p>Le nombre de participants \u00e9tant limit\u00e9, il est demand\u00e9 de s<strong><a href=\"https:\/\/www.intradel.be\/produire-moins-de-dechets\/reductiondesdechets\/mon-jardin-zero-dechet\/ateliers-pratiques-d-initiation-au-compostage-a-domicile\/kelmis-25-05.htm?lng=fr\">&lsquo;inscrire.<\/a><\/strong><\/p>\n<p>Cette initiative est une collaboration entre notre commune (repr\u00e9sent\u00e9e lors de l&rsquo;atelier par notre collaborateur Matthias M\u00fcller) et Intradel. L&rsquo;atelier se d\u00e9roulera en fran\u00e7ais et en allemand.<\/p>\n","protected":false},"excerpt":{"rendered":"Le samedi 25 mai, un atelier int\u00e9ressant (9h30-12h) de l\u2019intercommunale Intradel sur le th\u00e8me du compostage \u00e0 domicile aura lieu \u00e0 l&rsquo;\u00e9cole communale de Hergenrath. Gr\u00e2ce au compostage \u00e0 domicile, la quantit\u00e9 de d\u00e9chets biologiques et verts peut \u00eatre r\u00e9duite. Le nombre de participants \u00e9tant limit\u00e9, il est demand\u00e9 de s&lsquo;inscrire. Cette initiative est une [&hellip;]","protected":false},"author":2,"featured_media":13404,"comment_status":"closed","ping_status":"closed","sticky":false,"template":"","format":"standard","meta":{"_acf_changed":false,"footnotes":""},"categories":[71],"tags":[],"class_list":["post-13403","post","type-post","status-publish","format-standard","has-post-thumbnail","hentry","category-depuis-la-maison-communale"],"acf":[],"_links":{"self":[{"href":"https:\/\/www.kelmis.be\/fr\/wp-json\/wp\/v2\/posts\/13403","targetHints":{"allow":["GET"]}}],"collection":[{"href":"https:\/\/www.kelmis.be\/fr\/wp-json\/wp\/v2\/posts"}],"about":[{"href":"https:\/\/www.kelmis.be\/fr\/wp-json\/wp\/v2\/types\/post"}],"author":[{"embeddable":true,"href":"https:\/\/www.kelmis.be\/fr\/wp-json\/wp\/v2\/users\/2"}],"replies":[{"embeddable":true,"href":"https:\/\/www.kelmis.be\/fr\/wp-json\/wp\/v2\/comments?post=13403"}],"version-history":[{"count":1,"href":"https:\/\/www.kelmis.be\/fr\/wp-json\/wp\/v2\/posts\/13403\/revisions"}],"predecessor-version":[{"id":13405,"href":"https:\/\/www.kelmis.be\/fr\/wp-json\/wp\/v2\/posts\/13403\/revisions\/13405"}],"wp:featuredmedia":[{"embeddable":true,"href":"https:\/\/www.kelmis.be\/fr\/wp-json\/wp\/v2\/media\/13404"}],"wp:attachment":[{"href":"https:\/\/www.kelmis.be\/fr\/wp-json\/wp\/v2\/media?parent=13403"}],"wp:term":[{"taxonomy":"category","embeddable":true,"href":"https:\/\/www.kelmis.be\/fr\/wp-json\/wp\/v2\/categories?post=13403"},{"taxonomy":"post_tag","embeddable":true,"href":"https:\/\/www.kelmis.be\/fr\/wp-json\/wp\/v2\/tags?post=13403"}],"curies":[{"name":"wp","href":"https:\/\/api.w.org\/{rel}","templated":true}]}}