{"id":13364,"date":"2024-04-05T12:15:10","date_gmt":"2024-04-05T10:15:10","guid":{"rendered":"https:\/\/www.kelmis.be\/?p=13364"},"modified":"2024-04-05T12:15:10","modified_gmt":"2024-04-05T10:15:10","slug":"rfcu-vs-mons-il-est-recommande-de-se-garer-en-dehors-de-la-zone-du-stade","status":"publish","type":"post","link":"https:\/\/www.kelmis.be\/fr\/actualite-dans-la-commune\/rfcu-vs-mons-il-est-recommande-de-se-garer-en-dehors-de-la-zone-du-stade","title":{"rendered":"RFCU vs. Mons : il est recommand\u00e9 de se garer en dehors de la zone du stade"},"content":{"rendered":"<p>Samedi soir (19h30), le RFC Union La Calamine accueille l&rsquo;ancien club de premi\u00e8re division Mons dans le cadre de la 2e division amateur. Les visiteurs (14 points d&rsquo;avance sur leur poursuivant Rochefort) peuvent \u00eatre promus ce week-end. Il est conseill\u00e9 aux supporters du RFCU, s&rsquo;ils veulent se rendre au match en voiture, de se garer en dehors de la zone de stationnement habituelle devant le stade. De mani\u00e8re g\u00e9n\u00e9rale, il est recommand\u00e9 de contourner la zone du stade \u00e0 partir de 16 heures.<\/p>\n","protected":false},"excerpt":{"rendered":"Samedi soir (19h30), le RFC Union La Calamine accueille l&rsquo;ancien club de premi\u00e8re division Mons dans le cadre de la 2e division amateur. Les visiteurs (14 points d&rsquo;avance sur leur poursuivant Rochefort) peuvent \u00eatre promus ce week-end. Il est conseill\u00e9 aux supporters du RFCU, s&rsquo;ils veulent se rendre au match en voiture, de se garer [&hellip;]","protected":false},"author":2,"featured_media":13365,"comment_status":"closed","ping_status":"closed","sticky":false,"template":"","format":"standard","meta":{"_acf_changed":false,"footnotes":""},"categories":[70],"tags":[],"class_list":["post-13364","post","type-post","status-publish","format-standard","has-post-thumbnail","hentry","category-actualite-dans-la-commune"],"acf":[],"_links":{"self":[{"href":"https:\/\/www.kelmis.be\/fr\/wp-json\/wp\/v2\/posts\/13364","targetHints":{"allow":["GET"]}}],"collection":[{"href":"https:\/\/www.kelmis.be\/fr\/wp-json\/wp\/v2\/posts"}],"about":[{"href":"https:\/\/www.kelmis.be\/fr\/wp-json\/wp\/v2\/types\/post"}],"author":[{"embeddable":true,"href":"https:\/\/www.kelmis.be\/fr\/wp-json\/wp\/v2\/users\/2"}],"replies":[{"embeddable":true,"href":"https:\/\/www.kelmis.be\/fr\/wp-json\/wp\/v2\/comments?post=13364"}],"version-history":[{"count":1,"href":"https:\/\/www.kelmis.be\/fr\/wp-json\/wp\/v2\/posts\/13364\/revisions"}],"predecessor-version":[{"id":13366,"href":"https:\/\/www.kelmis.be\/fr\/wp-json\/wp\/v2\/posts\/13364\/revisions\/13366"}],"wp:featuredmedia":[{"embeddable":true,"href":"https:\/\/www.kelmis.be\/fr\/wp-json\/wp\/v2\/media\/13365"}],"wp:attachment":[{"href":"https:\/\/www.kelmis.be\/fr\/wp-json\/wp\/v2\/media?parent=13364"}],"wp:term":[{"taxonomy":"category","embeddable":true,"href":"https:\/\/www.kelmis.be\/fr\/wp-json\/wp\/v2\/categories?post=13364"},{"taxonomy":"post_tag","embeddable":true,"href":"https:\/\/www.kelmis.be\/fr\/wp-json\/wp\/v2\/tags?post=13364"}],"curies":[{"name":"wp","href":"https:\/\/api.w.org\/{rel}","templated":true}]}}