{"id":13358,"date":"2024-04-05T11:44:26","date_gmt":"2024-04-05T09:44:26","guid":{"rendered":"https:\/\/www.kelmis.be\/?p=13358"},"modified":"2024-04-05T11:53:26","modified_gmt":"2024-04-05T09:53:26","slug":"pluie-le-service-des-espaces-verts-demarre-les-travaux-dentretien-plus-tard","status":"publish","type":"post","link":"https:\/\/www.kelmis.be\/fr\/actualite-dans-la-commune\/pluie-le-service-des-espaces-verts-demarre-les-travaux-dentretien-plus-tard","title":{"rendered":"Pluie : le service des Espaces verts d\u00e9marre les travaux d&rsquo;entretien plus tard"},"content":{"rendered":"<p>Normalement, chaque ann\u00e9e \u00e0 la mi-avril, notre service des Espaces verts \u00a0remet en \u00e9tat tous les espaces verts de notre commune. En raison du temps pluvieux de ces derniers jours et semaines, le d\u00e9but des travaux doit \u00eatre quelque peu report\u00e9. Les engins lourds endommageraient trop le sol profond. \u00ab\u00a0Nous demandons donc \u00e0 la population de faire preuve d&rsquo;un peu de patience\u00a0\u00bb, explique l&rsquo;\u00e9chevin Bj\u00f6rn Klinkenberg. Selon le chef du d\u00e9p\u00f4t communal Marc Krauth, il faut attendre plusieurs jours secs cons\u00e9cutifs pour que le sol puisse se r\u00e9tablir. Nous vous tiendrons au courant.<\/p>\n","protected":false},"excerpt":{"rendered":"Normalement, chaque ann\u00e9e \u00e0 la mi-avril, notre service des Espaces verts \u00a0remet en \u00e9tat tous les espaces verts de notre commune. En raison du temps pluvieux de ces derniers jours et semaines, le d\u00e9but des travaux doit \u00eatre quelque peu report\u00e9. Les engins lourds endommageraient trop le sol profond. \u00ab\u00a0Nous demandons donc \u00e0 la population [&hellip;]","protected":false},"author":2,"featured_media":13359,"comment_status":"closed","ping_status":"closed","sticky":false,"template":"","format":"standard","meta":{"_acf_changed":false,"footnotes":""},"categories":[70],"tags":[],"class_list":["post-13358","post","type-post","status-publish","format-standard","has-post-thumbnail","hentry","category-actualite-dans-la-commune"],"acf":[],"_links":{"self":[{"href":"https:\/\/www.kelmis.be\/fr\/wp-json\/wp\/v2\/posts\/13358","targetHints":{"allow":["GET"]}}],"collection":[{"href":"https:\/\/www.kelmis.be\/fr\/wp-json\/wp\/v2\/posts"}],"about":[{"href":"https:\/\/www.kelmis.be\/fr\/wp-json\/wp\/v2\/types\/post"}],"author":[{"embeddable":true,"href":"https:\/\/www.kelmis.be\/fr\/wp-json\/wp\/v2\/users\/2"}],"replies":[{"embeddable":true,"href":"https:\/\/www.kelmis.be\/fr\/wp-json\/wp\/v2\/comments?post=13358"}],"version-history":[{"count":1,"href":"https:\/\/www.kelmis.be\/fr\/wp-json\/wp\/v2\/posts\/13358\/revisions"}],"predecessor-version":[{"id":13360,"href":"https:\/\/www.kelmis.be\/fr\/wp-json\/wp\/v2\/posts\/13358\/revisions\/13360"}],"wp:featuredmedia":[{"embeddable":true,"href":"https:\/\/www.kelmis.be\/fr\/wp-json\/wp\/v2\/media\/13359"}],"wp:attachment":[{"href":"https:\/\/www.kelmis.be\/fr\/wp-json\/wp\/v2\/media?parent=13358"}],"wp:term":[{"taxonomy":"category","embeddable":true,"href":"https:\/\/www.kelmis.be\/fr\/wp-json\/wp\/v2\/categories?post=13358"},{"taxonomy":"post_tag","embeddable":true,"href":"https:\/\/www.kelmis.be\/fr\/wp-json\/wp\/v2\/tags?post=13358"}],"curies":[{"name":"wp","href":"https:\/\/api.w.org\/{rel}","templated":true}]}}