{"id":13333,"date":"2024-03-30T13:39:59","date_gmt":"2024-03-30T12:39:59","guid":{"rendered":"https:\/\/www.kelmis.be\/?p=13333"},"modified":"2024-03-30T13:56:48","modified_gmt":"2024-03-30T12:56:48","slug":"300-enfants-ont-participe-a-la-chasse-aux-oeufs-de-paques","status":"publish","type":"post","link":"https:\/\/www.kelmis.be\/fr\/actualite-dans-la-commune\/300-enfants-ont-participe-a-la-chasse-aux-oeufs-de-paques","title":{"rendered":"300 enfants ont particip\u00e9 \u00e0 la chasse aux \u0153ufs de P\u00e2ques"},"content":{"rendered":"<p>Environ 300 enfants de notre commune ont particip\u00e9 ce matin \u00e0 la chasse dans le parc communal de La Calamine. \u00c0 l&rsquo;aide d&rsquo;une carte au tr\u00e9sor, les enfants ont couru apr\u00e8s des \u0153ufs de P\u00e2ques, des \u0153ufs en chocolat et deux sachets de friandises. En outre, ils ont re\u00e7u une petite surprise sous la forme d&rsquo;un lapin de P\u00e2ques en chocolat. Les enfants ont particip\u00e9 avec enthousiasme. Au total, 1800 \u0153ufs durs et 3000 \u0153ufs en chocolat ont \u00e9t\u00e9 mis \u00e0 leur disposition. La KLJ de La Calamine a soutenu l&rsquo;\u00e9v\u00e9nement et a propos\u00e9 du maquillage, un buffet de g\u00e2teaux et des boissons. L&rsquo;initiatrice de la chasse aux \u0153ufs de P\u00e2ques est l&rsquo;\u00e9chevine Nadine Rotheudt, avec le soutien de son coll\u00e8gue Bj\u00f6rn Klinkenberg.<\/p>\n","protected":false},"excerpt":{"rendered":"Environ 300 enfants de notre commune ont particip\u00e9 ce matin \u00e0 la chasse dans le parc communal de La Calamine. \u00c0 l&rsquo;aide d&rsquo;une carte au tr\u00e9sor, les enfants ont couru apr\u00e8s des \u0153ufs de P\u00e2ques, des \u0153ufs en chocolat et deux sachets de friandises. En outre, ils ont re\u00e7u une petite surprise sous la forme [&hellip;]","protected":false},"author":2,"featured_media":13334,"comment_status":"closed","ping_status":"closed","sticky":false,"template":"","format":"standard","meta":{"_acf_changed":false,"footnotes":""},"categories":[70],"tags":[],"class_list":["post-13333","post","type-post","status-publish","format-standard","has-post-thumbnail","hentry","category-actualite-dans-la-commune"],"acf":[],"_links":{"self":[{"href":"https:\/\/www.kelmis.be\/fr\/wp-json\/wp\/v2\/posts\/13333","targetHints":{"allow":["GET"]}}],"collection":[{"href":"https:\/\/www.kelmis.be\/fr\/wp-json\/wp\/v2\/posts"}],"about":[{"href":"https:\/\/www.kelmis.be\/fr\/wp-json\/wp\/v2\/types\/post"}],"author":[{"embeddable":true,"href":"https:\/\/www.kelmis.be\/fr\/wp-json\/wp\/v2\/users\/2"}],"replies":[{"embeddable":true,"href":"https:\/\/www.kelmis.be\/fr\/wp-json\/wp\/v2\/comments?post=13333"}],"version-history":[{"count":6,"href":"https:\/\/www.kelmis.be\/fr\/wp-json\/wp\/v2\/posts\/13333\/revisions"}],"predecessor-version":[{"id":13342,"href":"https:\/\/www.kelmis.be\/fr\/wp-json\/wp\/v2\/posts\/13333\/revisions\/13342"}],"wp:featuredmedia":[{"embeddable":true,"href":"https:\/\/www.kelmis.be\/fr\/wp-json\/wp\/v2\/media\/13334"}],"wp:attachment":[{"href":"https:\/\/www.kelmis.be\/fr\/wp-json\/wp\/v2\/media?parent=13333"}],"wp:term":[{"taxonomy":"category","embeddable":true,"href":"https:\/\/www.kelmis.be\/fr\/wp-json\/wp\/v2\/categories?post=13333"},{"taxonomy":"post_tag","embeddable":true,"href":"https:\/\/www.kelmis.be\/fr\/wp-json\/wp\/v2\/tags?post=13333"}],"curies":[{"name":"wp","href":"https:\/\/api.w.org\/{rel}","templated":true}]}}