{"id":13326,"date":"2024-03-28T17:47:52","date_gmt":"2024-03-28T16:47:52","guid":{"rendered":"https:\/\/www.kelmis.be\/?p=13326"},"modified":"2024-03-28T17:48:24","modified_gmt":"2024-03-28T16:48:24","slug":"collecte-de-velos-doccasion-le-20-avril","status":"publish","type":"post","link":"https:\/\/www.kelmis.be\/fr\/actualite-dans-la-commune\/collecte-de-velos-doccasion-le-20-avril","title":{"rendered":"Collecte de v\u00e9los d&rsquo;occasion le 20 avril"},"content":{"rendered":"<p>Le samedi 20 avril, les citoyens et citoyennes de la R\u00e9gion wallonne peuvent d\u00e9poser des v\u00e9los d\u2019occasion (en bon \u00e9tat) dans les recyparcs de leur commune. Les v\u00e9los seront donn\u00e9s \u00e0 des fins sociales.<\/p>\n","protected":false},"excerpt":{"rendered":"Le samedi 20 avril, les citoyens et citoyennes de la R\u00e9gion wallonne peuvent d\u00e9poser des v\u00e9los d\u2019occasion (en bon \u00e9tat) dans les recyparcs de leur commune. Les v\u00e9los seront donn\u00e9s \u00e0 des fins sociales.","protected":false},"author":2,"featured_media":13327,"comment_status":"closed","ping_status":"closed","sticky":false,"template":"","format":"standard","meta":{"_acf_changed":false,"footnotes":""},"categories":[70],"tags":[],"class_list":["post-13326","post","type-post","status-publish","format-standard","has-post-thumbnail","hentry","category-actualite-dans-la-commune"],"acf":[],"_links":{"self":[{"href":"https:\/\/www.kelmis.be\/fr\/wp-json\/wp\/v2\/posts\/13326","targetHints":{"allow":["GET"]}}],"collection":[{"href":"https:\/\/www.kelmis.be\/fr\/wp-json\/wp\/v2\/posts"}],"about":[{"href":"https:\/\/www.kelmis.be\/fr\/wp-json\/wp\/v2\/types\/post"}],"author":[{"embeddable":true,"href":"https:\/\/www.kelmis.be\/fr\/wp-json\/wp\/v2\/users\/2"}],"replies":[{"embeddable":true,"href":"https:\/\/www.kelmis.be\/fr\/wp-json\/wp\/v2\/comments?post=13326"}],"version-history":[{"count":1,"href":"https:\/\/www.kelmis.be\/fr\/wp-json\/wp\/v2\/posts\/13326\/revisions"}],"predecessor-version":[{"id":13328,"href":"https:\/\/www.kelmis.be\/fr\/wp-json\/wp\/v2\/posts\/13326\/revisions\/13328"}],"wp:featuredmedia":[{"embeddable":true,"href":"https:\/\/www.kelmis.be\/fr\/wp-json\/wp\/v2\/media\/13327"}],"wp:attachment":[{"href":"https:\/\/www.kelmis.be\/fr\/wp-json\/wp\/v2\/media?parent=13326"}],"wp:term":[{"taxonomy":"category","embeddable":true,"href":"https:\/\/www.kelmis.be\/fr\/wp-json\/wp\/v2\/categories?post=13326"},{"taxonomy":"post_tag","embeddable":true,"href":"https:\/\/www.kelmis.be\/fr\/wp-json\/wp\/v2\/tags?post=13326"}],"curies":[{"name":"wp","href":"https:\/\/api.w.org\/{rel}","templated":true}]}}