{"id":13305,"date":"2024-03-26T14:02:21","date_gmt":"2024-03-26T13:02:21","guid":{"rendered":"https:\/\/www.kelmis.be\/?p=13305"},"modified":"2024-03-26T14:02:21","modified_gmt":"2024-03-26T13:02:21","slug":"travaux-routiers-sur-la-rue-de-liege-a-partir-de-demain","status":"publish","type":"post","link":"https:\/\/www.kelmis.be\/fr\/actualite-dans-la-commune\/travaux-routiers-sur-la-rue-de-liege-a-partir-de-demain","title":{"rendered":"Travaux routiers sur la rue de Li\u00e8ge \u00e0 partir de demain"},"content":{"rendered":"<p>Mercredi, l&rsquo;entreprise Baguette commencera \u00e0 r\u00e9parer le tron\u00e7on de la rue de Li\u00e8ge endommag\u00e9 par une rupture de canalisation. Cet apr\u00e8s-midi, des feux de signalisation seront install\u00e9s pour r\u00e9guler la circulation. Les travaux devraient durer une semaine.<\/p>\n","protected":false},"excerpt":{"rendered":"Mercredi, l&rsquo;entreprise Baguette commencera \u00e0 r\u00e9parer le tron\u00e7on de la rue de Li\u00e8ge endommag\u00e9 par une rupture de canalisation. Cet apr\u00e8s-midi, des feux de signalisation seront install\u00e9s pour r\u00e9guler la circulation. Les travaux devraient durer une semaine.","protected":false},"author":2,"featured_media":13306,"comment_status":"closed","ping_status":"closed","sticky":false,"template":"","format":"standard","meta":{"_acf_changed":false,"footnotes":""},"categories":[70],"tags":[],"class_list":["post-13305","post","type-post","status-publish","format-standard","has-post-thumbnail","hentry","category-actualite-dans-la-commune"],"acf":[],"_links":{"self":[{"href":"https:\/\/www.kelmis.be\/fr\/wp-json\/wp\/v2\/posts\/13305","targetHints":{"allow":["GET"]}}],"collection":[{"href":"https:\/\/www.kelmis.be\/fr\/wp-json\/wp\/v2\/posts"}],"about":[{"href":"https:\/\/www.kelmis.be\/fr\/wp-json\/wp\/v2\/types\/post"}],"author":[{"embeddable":true,"href":"https:\/\/www.kelmis.be\/fr\/wp-json\/wp\/v2\/users\/2"}],"replies":[{"embeddable":true,"href":"https:\/\/www.kelmis.be\/fr\/wp-json\/wp\/v2\/comments?post=13305"}],"version-history":[{"count":1,"href":"https:\/\/www.kelmis.be\/fr\/wp-json\/wp\/v2\/posts\/13305\/revisions"}],"predecessor-version":[{"id":13307,"href":"https:\/\/www.kelmis.be\/fr\/wp-json\/wp\/v2\/posts\/13305\/revisions\/13307"}],"wp:featuredmedia":[{"embeddable":true,"href":"https:\/\/www.kelmis.be\/fr\/wp-json\/wp\/v2\/media\/13306"}],"wp:attachment":[{"href":"https:\/\/www.kelmis.be\/fr\/wp-json\/wp\/v2\/media?parent=13305"}],"wp:term":[{"taxonomy":"category","embeddable":true,"href":"https:\/\/www.kelmis.be\/fr\/wp-json\/wp\/v2\/categories?post=13305"},{"taxonomy":"post_tag","embeddable":true,"href":"https:\/\/www.kelmis.be\/fr\/wp-json\/wp\/v2\/tags?post=13305"}],"curies":[{"name":"wp","href":"https:\/\/api.w.org\/{rel}","templated":true}]}}