{"id":13225,"date":"2024-03-14T20:44:20","date_gmt":"2024-03-14T19:44:20","guid":{"rendered":"https:\/\/www.kelmis.be\/?p=13225"},"modified":"2024-03-14T20:44:54","modified_gmt":"2024-03-14T19:44:54","slug":"le-conseil-communal-des-enfants-en-visite-au-parlement-germanophone","status":"publish","type":"post","link":"https:\/\/www.kelmis.be\/fr\/actualite-dans-la-commune\/le-conseil-communal-des-enfants-en-visite-au-parlement-germanophone","title":{"rendered":"Le conseil communal des enfants en visite au parlement germanophone"},"content":{"rendered":"<p>Ce mercredi, notre conseil communal des enfants a v\u00e9cu une journ\u00e9e particuli\u00e8re, pleine d&rsquo;aper\u00e7us passionnants, lorsque les jeunes mandataires ont visit\u00e9 le Parlement de la Communaut\u00e9 germanophone.<br \/>\nApr\u00e8s un accueil chaleureux par le pr\u00e9sident du Parlement, Charles Servaty, celui-ci a r\u00e9pondu aux questions des jeunes repr\u00e9sentants du peuple. Les membres du conseil communal des enfants ont ensuite \u00e9t\u00e9 invit\u00e9s \u00e0 d\u00e9couvrir le b\u00e2timent du Parlement.<br \/>\nLes jeunes visiteurs et visiteuses ont eu la possibilit\u00e9 de poser des questions et de participer activement \u00e0 une table ronde sur le th\u00e8me de l&rsquo;utilisation des smartphones \u00e0 l&rsquo;\u00e9cole. Ces interactions directes ont permis aux enfants de d\u00e9velopper une compr\u00e9hension des processus d\u00e9mocratiques et de la prise de d\u00e9cision.<br \/>\nL&rsquo;un des points forts de la visite \u00e9tait un voyage interactif \u00e0 la d\u00e9couverte des Cantons de l&rsquo;Est, qui pr\u00e9sentait la diversit\u00e9 et la beaut\u00e9 de la r\u00e9gion de mani\u00e8re divertissante.<br \/>\n\u00ab\u00a0La visite au Parlement de la Communaut\u00e9 germanophone n&rsquo;a pas seulement \u00e9t\u00e9 une excursion passionnante pour le Conseil communal des enfants, mais aussi une exp\u00e9rience d&rsquo;apprentissage pr\u00e9cieuse qui les renforce dans leur r\u00f4le de jeunes citoyens et les encourage \u00e0 participer activement \u00e0 l&rsquo;organisation de leur communaut\u00e9\u00a0\u00bb, ont expliqu\u00e9 les initiateurs du Conseil communal des enfants, l&rsquo;\u00e9chevine Nadine Rotheudt et l&rsquo;\u00e9chevin Bj\u00f6rn Klinkenberg.<\/p>\n","protected":false},"excerpt":{"rendered":"Ce mercredi, notre conseil communal des enfants a v\u00e9cu une journ\u00e9e particuli\u00e8re, pleine d&rsquo;aper\u00e7us passionnants, lorsque les jeunes mandataires ont visit\u00e9 le Parlement de la Communaut\u00e9 germanophone. Apr\u00e8s un accueil chaleureux par le pr\u00e9sident du Parlement, Charles Servaty, celui-ci a r\u00e9pondu aux questions des jeunes repr\u00e9sentants du peuple. Les membres du conseil communal des enfants [&hellip;]","protected":false},"author":2,"featured_media":13226,"comment_status":"closed","ping_status":"closed","sticky":false,"template":"","format":"standard","meta":{"_acf_changed":false,"footnotes":""},"categories":[70],"tags":[],"class_list":["post-13225","post","type-post","status-publish","format-standard","has-post-thumbnail","hentry","category-actualite-dans-la-commune"],"acf":[],"_links":{"self":[{"href":"https:\/\/www.kelmis.be\/fr\/wp-json\/wp\/v2\/posts\/13225","targetHints":{"allow":["GET"]}}],"collection":[{"href":"https:\/\/www.kelmis.be\/fr\/wp-json\/wp\/v2\/posts"}],"about":[{"href":"https:\/\/www.kelmis.be\/fr\/wp-json\/wp\/v2\/types\/post"}],"author":[{"embeddable":true,"href":"https:\/\/www.kelmis.be\/fr\/wp-json\/wp\/v2\/users\/2"}],"replies":[{"embeddable":true,"href":"https:\/\/www.kelmis.be\/fr\/wp-json\/wp\/v2\/comments?post=13225"}],"version-history":[{"count":2,"href":"https:\/\/www.kelmis.be\/fr\/wp-json\/wp\/v2\/posts\/13225\/revisions"}],"predecessor-version":[{"id":13228,"href":"https:\/\/www.kelmis.be\/fr\/wp-json\/wp\/v2\/posts\/13225\/revisions\/13228"}],"wp:featuredmedia":[{"embeddable":true,"href":"https:\/\/www.kelmis.be\/fr\/wp-json\/wp\/v2\/media\/13226"}],"wp:attachment":[{"href":"https:\/\/www.kelmis.be\/fr\/wp-json\/wp\/v2\/media?parent=13225"}],"wp:term":[{"taxonomy":"category","embeddable":true,"href":"https:\/\/www.kelmis.be\/fr\/wp-json\/wp\/v2\/categories?post=13225"},{"taxonomy":"post_tag","embeddable":true,"href":"https:\/\/www.kelmis.be\/fr\/wp-json\/wp\/v2\/tags?post=13225"}],"curies":[{"name":"wp","href":"https:\/\/api.w.org\/{rel}","templated":true}]}}