{"id":13077,"date":"2024-02-22T17:04:54","date_gmt":"2024-02-22T16:04:54","guid":{"rendered":"https:\/\/www.kelmis.be\/?p=13077"},"modified":"2024-02-22T17:04:54","modified_gmt":"2024-02-22T16:04:54","slug":"wilfried-et-agnes-hanke-ont-fete-leurs-noces-de-diamant","status":"publish","type":"post","link":"https:\/\/www.kelmis.be\/fr\/actualite-dans-la-commune\/wilfried-et-agnes-hanke-ont-fete-leurs-noces-de-diamant","title":{"rendered":"Wilfried et Agnes Hanke ont f\u00eat\u00e9 leurs noces de diamant"},"content":{"rendered":"<p>Wilfried et Agnes Hanke ont f\u00eate leurs noces de diamant. Nous f\u00e9licitons!<\/p>\n","protected":false},"excerpt":{"rendered":"Wilfried et Agnes Hanke ont f\u00eate leurs noces de diamant. Nous f\u00e9licitons!","protected":false},"author":2,"featured_media":13078,"comment_status":"closed","ping_status":"closed","sticky":false,"template":"","format":"standard","meta":{"_acf_changed":false,"footnotes":""},"categories":[70],"tags":[],"class_list":["post-13077","post","type-post","status-publish","format-standard","has-post-thumbnail","hentry","category-actualite-dans-la-commune"],"acf":[],"_links":{"self":[{"href":"https:\/\/www.kelmis.be\/fr\/wp-json\/wp\/v2\/posts\/13077","targetHints":{"allow":["GET"]}}],"collection":[{"href":"https:\/\/www.kelmis.be\/fr\/wp-json\/wp\/v2\/posts"}],"about":[{"href":"https:\/\/www.kelmis.be\/fr\/wp-json\/wp\/v2\/types\/post"}],"author":[{"embeddable":true,"href":"https:\/\/www.kelmis.be\/fr\/wp-json\/wp\/v2\/users\/2"}],"replies":[{"embeddable":true,"href":"https:\/\/www.kelmis.be\/fr\/wp-json\/wp\/v2\/comments?post=13077"}],"version-history":[{"count":1,"href":"https:\/\/www.kelmis.be\/fr\/wp-json\/wp\/v2\/posts\/13077\/revisions"}],"predecessor-version":[{"id":13079,"href":"https:\/\/www.kelmis.be\/fr\/wp-json\/wp\/v2\/posts\/13077\/revisions\/13079"}],"wp:featuredmedia":[{"embeddable":true,"href":"https:\/\/www.kelmis.be\/fr\/wp-json\/wp\/v2\/media\/13078"}],"wp:attachment":[{"href":"https:\/\/www.kelmis.be\/fr\/wp-json\/wp\/v2\/media?parent=13077"}],"wp:term":[{"taxonomy":"category","embeddable":true,"href":"https:\/\/www.kelmis.be\/fr\/wp-json\/wp\/v2\/categories?post=13077"},{"taxonomy":"post_tag","embeddable":true,"href":"https:\/\/www.kelmis.be\/fr\/wp-json\/wp\/v2\/tags?post=13077"}],"curies":[{"name":"wp","href":"https:\/\/api.w.org\/{rel}","templated":true}]}}