{"id":12891,"date":"2024-01-18T11:21:44","date_gmt":"2024-01-18T10:21:44","guid":{"rendered":"https:\/\/www.kelmis.be\/?p=12891"},"modified":"2024-01-18T11:24:37","modified_gmt":"2024-01-18T10:24:37","slug":"la-collecte-des-dechets-residuels-a-hergenrath-neu-moresnet-et-a-la-rue-de-liege-reportee-a-samedi","status":"publish","type":"post","link":"https:\/\/www.kelmis.be\/fr\/depuis-la-maison-communale\/la-collecte-des-dechets-residuels-a-hergenrath-neu-moresnet-et-a-la-rue-de-liege-reportee-a-samedi","title":{"rendered":"La collecte des d\u00e9chets r\u00e9siduels \u00e0 Hergenrath, Neu-Moresnet et \u00e0 la rue de Li\u00e8ge report\u00e9e \u00e0 samedi"},"content":{"rendered":"<p>La collecte des d\u00e9chets r\u00e9siduels \u00e0 Hergenrath, Neu-Moresnet et \u00e0 la rue de Li\u00e8ge aura lieu samedi. La collecte de ce jour vient d&rsquo;\u00eatre annul\u00e9e en raison des conditions m\u00e9t\u00e9orologiques. C&rsquo;est ce que nous a fait savoir l&rsquo;entreprise responsable BISA. Les citoyens concern\u00e9s sont pri\u00e9s de rentrer leurs sacs poubelles et de les remettre sur le bord de la route pour samedi matin au plus tard.<\/p>\n","protected":false},"excerpt":{"rendered":"La collecte des d\u00e9chets r\u00e9siduels \u00e0 Hergenrath, Neu-Moresnet et \u00e0 la rue de Li\u00e8ge aura lieu samedi. La collecte de ce jour vient d&rsquo;\u00eatre annul\u00e9e en raison des conditions m\u00e9t\u00e9orologiques. C&rsquo;est ce que nous a fait savoir l&rsquo;entreprise responsable BISA. Les citoyens concern\u00e9s sont pri\u00e9s de rentrer leurs sacs poubelles et de les remettre sur [&hellip;]","protected":false},"author":2,"featured_media":12892,"comment_status":"closed","ping_status":"closed","sticky":false,"template":"","format":"standard","meta":{"_acf_changed":false,"footnotes":""},"categories":[71],"tags":[],"class_list":["post-12891","post","type-post","status-publish","format-standard","has-post-thumbnail","hentry","category-depuis-la-maison-communale"],"acf":[],"_links":{"self":[{"href":"https:\/\/www.kelmis.be\/fr\/wp-json\/wp\/v2\/posts\/12891","targetHints":{"allow":["GET"]}}],"collection":[{"href":"https:\/\/www.kelmis.be\/fr\/wp-json\/wp\/v2\/posts"}],"about":[{"href":"https:\/\/www.kelmis.be\/fr\/wp-json\/wp\/v2\/types\/post"}],"author":[{"embeddable":true,"href":"https:\/\/www.kelmis.be\/fr\/wp-json\/wp\/v2\/users\/2"}],"replies":[{"embeddable":true,"href":"https:\/\/www.kelmis.be\/fr\/wp-json\/wp\/v2\/comments?post=12891"}],"version-history":[{"count":1,"href":"https:\/\/www.kelmis.be\/fr\/wp-json\/wp\/v2\/posts\/12891\/revisions"}],"predecessor-version":[{"id":12893,"href":"https:\/\/www.kelmis.be\/fr\/wp-json\/wp\/v2\/posts\/12891\/revisions\/12893"}],"wp:featuredmedia":[{"embeddable":true,"href":"https:\/\/www.kelmis.be\/fr\/wp-json\/wp\/v2\/media\/12892"}],"wp:attachment":[{"href":"https:\/\/www.kelmis.be\/fr\/wp-json\/wp\/v2\/media?parent=12891"}],"wp:term":[{"taxonomy":"category","embeddable":true,"href":"https:\/\/www.kelmis.be\/fr\/wp-json\/wp\/v2\/categories?post=12891"},{"taxonomy":"post_tag","embeddable":true,"href":"https:\/\/www.kelmis.be\/fr\/wp-json\/wp\/v2\/tags?post=12891"}],"curies":[{"name":"wp","href":"https:\/\/api.w.org\/{rel}","templated":true}]}}