{"id":12817,"date":"2024-01-10T12:07:18","date_gmt":"2024-01-10T11:07:18","guid":{"rendered":"https:\/\/www.kelmis.be\/?p=12817"},"modified":"2024-01-10T12:07:18","modified_gmt":"2024-01-10T11:07:18","slug":"statbel-realise-une-enquete-dans-notre-commune","status":"publish","type":"post","link":"https:\/\/www.kelmis.be\/fr\/depuis-la-maison-communale\/statbel-realise-une-enquete-dans-notre-commune","title":{"rendered":"Statbel r\u00e9alise une enqu\u00eate dans notre commune"},"content":{"rendered":"<p>Statbel, l&rsquo;office belge des statistiques, r\u00e9alise cette ann\u00e9e une enqu\u00eate officielle aupr\u00e8s de quelques m\u00e9nages de notre commune. Les m\u00e9nages ont \u00e9t\u00e9 s\u00e9lectionn\u00e9s au hasard dans le registre national.<\/p>\n<p>Les m\u00e9nages seront contact\u00e9s par des enqu\u00eateurs de Statbel entre janvier et d\u00e9cembre 2024. La participation des m\u00e9nages \u00e0 l&rsquo;enqu\u00eate EFT est une obligation l\u00e9gale. Les m\u00e9nages s\u00e9lectionn\u00e9s recevront une lettre d&rsquo;invitation avec le nom de l&rsquo;enqu\u00eateur et le num\u00e9ro de t\u00e9l\u00e9phone du centre de contact, pour plus d&rsquo;informations (accessible de 9h \u00e0 17h au num\u00e9ro gratuit 0800 120 33).<\/p>\n<p>Les r\u00e9sultats de l&rsquo;enqu\u00eate, totalement anonymes, donnent un aper\u00e7u du march\u00e9 du travail belge et couvrent entre autres la situation professionnelle, la recherche d&#8217;emploi, la formation et les qualifications. Statbel utilise ces donn\u00e9es pour produire des statistiques au niveau national et r\u00e9gional. Comme l&rsquo;enqu\u00eate est \u00e9galement men\u00e9e dans d&rsquo;autres \u00c9tats membres de l&rsquo;UE, des statistiques europ\u00e9ennes comparatives sont \u00e9galement produites.<\/p>\n<p>Pour plus d&rsquo;informations sur l&rsquo;enqu\u00eate, son objectif et son authenticit\u00e9, consultez le site <strong><a href=\"https:\/\/statbel.fgov.be\/fr\/lfs\">web de Statbel.<\/a><\/strong><\/p>\n","protected":false},"excerpt":{"rendered":"Statbel, l&rsquo;office belge des statistiques, r\u00e9alise cette ann\u00e9e une enqu\u00eate officielle aupr\u00e8s de quelques m\u00e9nages de notre commune. Les m\u00e9nages ont \u00e9t\u00e9 s\u00e9lectionn\u00e9s au hasard dans le registre national. Les m\u00e9nages seront contact\u00e9s par des enqu\u00eateurs de Statbel entre janvier et d\u00e9cembre 2024. La participation des m\u00e9nages \u00e0 l&rsquo;enqu\u00eate EFT est une obligation l\u00e9gale. Les [&hellip;]","protected":false},"author":2,"featured_media":12265,"comment_status":"closed","ping_status":"closed","sticky":false,"template":"","format":"standard","meta":{"_acf_changed":false,"footnotes":""},"categories":[71],"tags":[],"class_list":["post-12817","post","type-post","status-publish","format-standard","has-post-thumbnail","hentry","category-depuis-la-maison-communale"],"acf":[],"_links":{"self":[{"href":"https:\/\/www.kelmis.be\/fr\/wp-json\/wp\/v2\/posts\/12817","targetHints":{"allow":["GET"]}}],"collection":[{"href":"https:\/\/www.kelmis.be\/fr\/wp-json\/wp\/v2\/posts"}],"about":[{"href":"https:\/\/www.kelmis.be\/fr\/wp-json\/wp\/v2\/types\/post"}],"author":[{"embeddable":true,"href":"https:\/\/www.kelmis.be\/fr\/wp-json\/wp\/v2\/users\/2"}],"replies":[{"embeddable":true,"href":"https:\/\/www.kelmis.be\/fr\/wp-json\/wp\/v2\/comments?post=12817"}],"version-history":[{"count":1,"href":"https:\/\/www.kelmis.be\/fr\/wp-json\/wp\/v2\/posts\/12817\/revisions"}],"predecessor-version":[{"id":12818,"href":"https:\/\/www.kelmis.be\/fr\/wp-json\/wp\/v2\/posts\/12817\/revisions\/12818"}],"wp:featuredmedia":[{"embeddable":true,"href":"https:\/\/www.kelmis.be\/fr\/wp-json\/wp\/v2\/media\/12265"}],"wp:attachment":[{"href":"https:\/\/www.kelmis.be\/fr\/wp-json\/wp\/v2\/media?parent=12817"}],"wp:term":[{"taxonomy":"category","embeddable":true,"href":"https:\/\/www.kelmis.be\/fr\/wp-json\/wp\/v2\/categories?post=12817"},{"taxonomy":"post_tag","embeddable":true,"href":"https:\/\/www.kelmis.be\/fr\/wp-json\/wp\/v2\/tags?post=12817"}],"curies":[{"name":"wp","href":"https:\/\/api.w.org\/{rel}","templated":true}]}}