{"id":12811,"date":"2024-01-09T14:24:33","date_gmt":"2024-01-09T13:24:33","guid":{"rendered":"https:\/\/www.kelmis.be\/?p=12811"},"modified":"2024-01-09T14:40:01","modified_gmt":"2024-01-09T13:40:01","slug":"sacs-a-dechets-biologiques-disponibles-a-la-maison-communale","status":"publish","type":"post","link":"https:\/\/www.kelmis.be\/fr\/actualite-dans-la-commune\/sacs-a-dechets-biologiques-disponibles-a-la-maison-communale","title":{"rendered":"Sacs \u00e0 d\u00e9chets biologiques disponibles \u00e0 la maison communale"},"content":{"rendered":"<p>Conform\u00e9ment \u00e0 une disposition europ\u00e9enne, des sacs \u00e0 d\u00e9chets biologiques ont \u00e9t\u00e9 introduits dans notre commune en d\u00e9but d&rsquo;ann\u00e9e. Tous les d\u00e9chets organiques vont dans ces sacs : les restes de repas et de nourriture ainsi que les petits d\u00e9chets verts. Les sacs (d&rsquo;une contenance maximale de cinq kilos) sont collect\u00e9s par l&rsquo;entreprise sociale BISA, puis transport\u00e9s \u00e0 l&rsquo;usine de m\u00e9thanisation de Herstal o\u00f9 ils sont transform\u00e9s en compost, en \u00e9nergie \u00e9lectrique et de chauffage.<\/p>\n<p>La collecte des sacs a lieu les mercredis et les jeudis, c&rsquo;est-\u00e0-dire les jours o\u00f9 les d\u00e9chets r\u00e9siduels sont \u00e9galement collect\u00e9s. Le sac \u00e0 d\u00e9chets organiques doit \u00eatre sorti au plus tard \u00e0 6 heures le jour de la collecte.<\/p>\n<p>Un rouleau de 20 sacs co\u00fbte six euros et peut \u00eatre achet\u00e9 \u00e0 la maison communale ainsi qu&rsquo;au supermarch\u00e9 Carrefour et \u00e0 la boulangerie Kockartz \u00e0 Hergenrath.<\/p>\n<p>Outre le geste \u00e9cologique, l&rsquo;utilisation des sacs biod\u00e9gradables all\u00e8ge \u00e9galement le porte-monnaie des citoyens, car les d\u00e9chets biod\u00e9gradables ne finissent plus dans les sacs \u00ab\u00a0normaux\u00a0\u00bb pour d\u00e9chets r\u00e9siduels, qui sont comparativement plus chers. Il est \u00e9galement int\u00e9ressant de savoir que le fait de laisser des d\u00e9chets biologiques dans les sacs pour d\u00e9chets r\u00e9siduels a une influence n\u00e9gative sur le processus d&rsquo;incin\u00e9ration des d\u00e9chets r\u00e9siduels.<\/p>\n<p>Remarque : les personnes qui pratiquent le compostage \u00e0 domicile peuvent bien entendu y jeter leurs d\u00e9chets organiques.<\/p>\n","protected":false},"excerpt":{"rendered":"Conform\u00e9ment \u00e0 une disposition europ\u00e9enne, des sacs \u00e0 d\u00e9chets biologiques ont \u00e9t\u00e9 introduits dans notre commune en d\u00e9but d&rsquo;ann\u00e9e. Tous les d\u00e9chets organiques vont dans ces sacs : les restes de repas et de nourriture ainsi que les petits d\u00e9chets verts. Les sacs (d&rsquo;une contenance maximale de cinq kilos) sont collect\u00e9s par l&rsquo;entreprise sociale BISA, [&hellip;]","protected":false},"author":2,"featured_media":12812,"comment_status":"closed","ping_status":"closed","sticky":false,"template":"","format":"standard","meta":{"_acf_changed":false,"footnotes":""},"categories":[70],"tags":[],"class_list":["post-12811","post","type-post","status-publish","format-standard","has-post-thumbnail","hentry","category-actualite-dans-la-commune"],"acf":[],"_links":{"self":[{"href":"https:\/\/www.kelmis.be\/fr\/wp-json\/wp\/v2\/posts\/12811","targetHints":{"allow":["GET"]}}],"collection":[{"href":"https:\/\/www.kelmis.be\/fr\/wp-json\/wp\/v2\/posts"}],"about":[{"href":"https:\/\/www.kelmis.be\/fr\/wp-json\/wp\/v2\/types\/post"}],"author":[{"embeddable":true,"href":"https:\/\/www.kelmis.be\/fr\/wp-json\/wp\/v2\/users\/2"}],"replies":[{"embeddable":true,"href":"https:\/\/www.kelmis.be\/fr\/wp-json\/wp\/v2\/comments?post=12811"}],"version-history":[{"count":2,"href":"https:\/\/www.kelmis.be\/fr\/wp-json\/wp\/v2\/posts\/12811\/revisions"}],"predecessor-version":[{"id":12814,"href":"https:\/\/www.kelmis.be\/fr\/wp-json\/wp\/v2\/posts\/12811\/revisions\/12814"}],"wp:featuredmedia":[{"embeddable":true,"href":"https:\/\/www.kelmis.be\/fr\/wp-json\/wp\/v2\/media\/12812"}],"wp:attachment":[{"href":"https:\/\/www.kelmis.be\/fr\/wp-json\/wp\/v2\/media?parent=12811"}],"wp:term":[{"taxonomy":"category","embeddable":true,"href":"https:\/\/www.kelmis.be\/fr\/wp-json\/wp\/v2\/categories?post=12811"},{"taxonomy":"post_tag","embeddable":true,"href":"https:\/\/www.kelmis.be\/fr\/wp-json\/wp\/v2\/tags?post=12811"}],"curies":[{"name":"wp","href":"https:\/\/api.w.org\/{rel}","templated":true}]}}