{"id":12609,"date":"2023-11-29T12:49:31","date_gmt":"2023-11-29T11:49:31","guid":{"rendered":"https:\/\/www.kelmis.be\/?p=12609"},"modified":"2023-11-29T12:50:27","modified_gmt":"2023-11-29T11:50:27","slug":"vente-dun-ancien-vehicule-de-service","status":"publish","type":"post","link":"https:\/\/www.kelmis.be\/fr\/depuis-la-maison-communale\/vente-dun-ancien-vehicule-de-service","title":{"rendered":"Vente d&rsquo;un ancien v\u00e9hicule de service"},"content":{"rendered":"<p>La commune vend un ancien v\u00e9hicule de service. Il s&rsquo;agit d&rsquo;une Ford Connect (premi\u00e8re immatriculation 9 septembre 2009).<\/p>\n<p>Visite du mat\u00e9riel du 30.11.2023 au 30.12.2023 uniquement sur rendez-vous (087\/65 91 41).<\/p>\n<p>R\u00e9ception des offres jusqu&rsquo;au 12.01.2024, 12h : Administration communale, Nathalie Wimmer, directrice g\u00e9n\u00e9rale ff., rue de l&rsquo;Eglise 31, 4720 La Calamine. T\u00e9l. : +32 (0)87\/63 98 11 ou nathalie.wimmer@kelmis.be<\/p>\n<p>Pour plus d&rsquo;informations : D\u00e9p\u00f4t communal de la commune de La Calamine, Rue de Li\u00e8ge 257, 4721 La Calamine, t\u00e9l. +32 (0)87\/65 91 41, lager@kelmis.be<\/p>\n","protected":false},"excerpt":{"rendered":"La commune vend un ancien v\u00e9hicule de service. Il s&rsquo;agit d&rsquo;une Ford Connect (premi\u00e8re immatriculation 9 septembre 2009). Visite du mat\u00e9riel du 30.11.2023 au 30.12.2023 uniquement sur rendez-vous (087\/65 91 41). R\u00e9ception des offres jusqu&rsquo;au 12.01.2024, 12h : Administration communale, Nathalie Wimmer, directrice g\u00e9n\u00e9rale ff., rue de l&rsquo;Eglise 31, 4720 La Calamine. T\u00e9l. : +32 [&hellip;]","protected":false},"author":2,"featured_media":12610,"comment_status":"closed","ping_status":"closed","sticky":false,"template":"","format":"standard","meta":{"_acf_changed":false,"footnotes":""},"categories":[71],"tags":[],"class_list":["post-12609","post","type-post","status-publish","format-standard","has-post-thumbnail","hentry","category-depuis-la-maison-communale"],"acf":[],"_links":{"self":[{"href":"https:\/\/www.kelmis.be\/fr\/wp-json\/wp\/v2\/posts\/12609","targetHints":{"allow":["GET"]}}],"collection":[{"href":"https:\/\/www.kelmis.be\/fr\/wp-json\/wp\/v2\/posts"}],"about":[{"href":"https:\/\/www.kelmis.be\/fr\/wp-json\/wp\/v2\/types\/post"}],"author":[{"embeddable":true,"href":"https:\/\/www.kelmis.be\/fr\/wp-json\/wp\/v2\/users\/2"}],"replies":[{"embeddable":true,"href":"https:\/\/www.kelmis.be\/fr\/wp-json\/wp\/v2\/comments?post=12609"}],"version-history":[{"count":1,"href":"https:\/\/www.kelmis.be\/fr\/wp-json\/wp\/v2\/posts\/12609\/revisions"}],"predecessor-version":[{"id":12611,"href":"https:\/\/www.kelmis.be\/fr\/wp-json\/wp\/v2\/posts\/12609\/revisions\/12611"}],"wp:featuredmedia":[{"embeddable":true,"href":"https:\/\/www.kelmis.be\/fr\/wp-json\/wp\/v2\/media\/12610"}],"wp:attachment":[{"href":"https:\/\/www.kelmis.be\/fr\/wp-json\/wp\/v2\/media?parent=12609"}],"wp:term":[{"taxonomy":"category","embeddable":true,"href":"https:\/\/www.kelmis.be\/fr\/wp-json\/wp\/v2\/categories?post=12609"},{"taxonomy":"post_tag","embeddable":true,"href":"https:\/\/www.kelmis.be\/fr\/wp-json\/wp\/v2\/tags?post=12609"}],"curies":[{"name":"wp","href":"https:\/\/api.w.org\/{rel}","templated":true}]}}