{"id":12571,"date":"2023-11-21T12:22:27","date_gmt":"2023-11-21T11:22:27","guid":{"rendered":"https:\/\/www.kelmis.be\/?p=12571"},"modified":"2023-11-21T12:22:27","modified_gmt":"2023-11-21T11:22:27","slug":"un-cafe-de-lavent-pour-les-seniors-le-3-decembre","status":"publish","type":"post","link":"https:\/\/www.kelmis.be\/fr\/evenement\/un-cafe-de-lavent-pour-les-seniors-le-3-decembre","title":{"rendered":"Un caf\u00e9 de l&rsquo;Avent pour les seniors le 3 d\u00e9cembre"},"content":{"rendered":"<div dir=\"auto\">Le dimanche 3 d\u00e9cembre, le Conseil pour le vivre ensemble et le conseil consultatif des seniors organisent un caf\u00e9 de l&rsquo;Avent pour les seniors (avec caf\u00e9 et g\u00e2teaux) \u00e0 la r\u00e9sidence Leoni de 14h \u00e0 16h. Invitation cordiale \u00e0 toutes et \u00e0 tous! Ensuite, si vous le souhaitez, vous pourrez visiter ensemble le march\u00e9 de No\u00ebl. Si n\u00e9cessaire, les int\u00e9ress\u00e9(e)s peuvent \u00eatre pris en charge \u00e0 domicile. Le nombre de participant(e)s est limit\u00e9.<\/div>\n<div dir=\"auto\">Il est demand\u00e9 de s&rsquo;inscrire obligatoirement avant le 30 novembre : 0472\/ 22 50 09.<\/div>\n","protected":false},"excerpt":{"rendered":"Le dimanche 3 d\u00e9cembre, le Conseil pour le vivre ensemble et le conseil consultatif des seniors organisent un caf\u00e9 de l&rsquo;Avent pour les seniors (avec caf\u00e9 et g\u00e2teaux) \u00e0 la r\u00e9sidence Leoni de 14h \u00e0 16h. Invitation cordiale \u00e0 toutes et \u00e0 tous! Ensuite, si vous le souhaitez, vous pourrez visiter ensemble le march\u00e9 de [&hellip;]","protected":false},"author":2,"featured_media":12572,"comment_status":"closed","ping_status":"closed","sticky":false,"template":"","format":"standard","meta":{"_acf_changed":false,"footnotes":""},"categories":[73],"tags":[],"class_list":["post-12571","post","type-post","status-publish","format-standard","has-post-thumbnail","hentry","category-evenement"],"acf":[],"_links":{"self":[{"href":"https:\/\/www.kelmis.be\/fr\/wp-json\/wp\/v2\/posts\/12571","targetHints":{"allow":["GET"]}}],"collection":[{"href":"https:\/\/www.kelmis.be\/fr\/wp-json\/wp\/v2\/posts"}],"about":[{"href":"https:\/\/www.kelmis.be\/fr\/wp-json\/wp\/v2\/types\/post"}],"author":[{"embeddable":true,"href":"https:\/\/www.kelmis.be\/fr\/wp-json\/wp\/v2\/users\/2"}],"replies":[{"embeddable":true,"href":"https:\/\/www.kelmis.be\/fr\/wp-json\/wp\/v2\/comments?post=12571"}],"version-history":[{"count":1,"href":"https:\/\/www.kelmis.be\/fr\/wp-json\/wp\/v2\/posts\/12571\/revisions"}],"predecessor-version":[{"id":12573,"href":"https:\/\/www.kelmis.be\/fr\/wp-json\/wp\/v2\/posts\/12571\/revisions\/12573"}],"wp:featuredmedia":[{"embeddable":true,"href":"https:\/\/www.kelmis.be\/fr\/wp-json\/wp\/v2\/media\/12572"}],"wp:attachment":[{"href":"https:\/\/www.kelmis.be\/fr\/wp-json\/wp\/v2\/media?parent=12571"}],"wp:term":[{"taxonomy":"category","embeddable":true,"href":"https:\/\/www.kelmis.be\/fr\/wp-json\/wp\/v2\/categories?post=12571"},{"taxonomy":"post_tag","embeddable":true,"href":"https:\/\/www.kelmis.be\/fr\/wp-json\/wp\/v2\/tags?post=12571"}],"curies":[{"name":"wp","href":"https:\/\/api.w.org\/{rel}","templated":true}]}}