{"id":12542,"date":"2023-11-17T14:03:23","date_gmt":"2023-11-17T13:03:23","guid":{"rendered":"https:\/\/www.kelmis.be\/?p=12542"},"modified":"2023-11-17T18:14:33","modified_gmt":"2023-11-17T17:14:33","slug":"stolperstein-posee-a-hergenrath-en-memoire-de-hermann-schmetz-victime-du-national-socialisme","status":"publish","type":"post","link":"https:\/\/www.kelmis.be\/fr\/actualite-dans-la-commune\/stolperstein-posee-a-hergenrath-en-memoire-de-hermann-schmetz-victime-du-national-socialisme","title":{"rendered":"\u00ab\u00a0Stolperstein\u00a0\u00bb pos\u00e9e \u00e0 Hergenrath en m\u00e9moire de Hermann Schmetz, victime du national-socialisme"},"content":{"rendered":"<p>Ce vendredi midi, une \u00ab\u00a0Stolperstein\u00a0\u00bb (une pierre d&rsquo;achoppement comm\u00e9morative) a \u00e9t\u00e9 pos\u00e9e \u00e0 Hergenrath, dans la rue d\u2019Aix-la-Chapelle, par l&rsquo;artiste de renomm\u00e9e internationale Gunter Demnig, en m\u00e9moire d&rsquo;une victime du national-socialisme allemand. Hermann Schmetz habitait dans cette rue, bloc de maisons 77-79, et a \u00e9t\u00e9 ex\u00e9cut\u00e9 par les nazis le 18 d\u00e9cembre 1940 \u00e0 Berlin-Pl\u00f6tzensee pour trahison.<\/p>\n<p>La pose de la pierre d&rsquo;achoppement a \u00e9t\u00e9 initi\u00e9e par le bourgmestre Luc Frank et r\u00e9alis\u00e9e en collaboration avec l&rsquo;ath\u00e9n\u00e9e C\u00e9sar Franck (ACF) et le Zentrum f\u00fcr ostbelgische Geschichte (Centre pour l&rsquo;histoire des Cantons de l\u2019Est\/ZOG). Le professeur d&rsquo;histoire de l\u2019ACF, Alain Brose, et ses \u00e9l\u00e8ves de cinqui\u00e8me ann\u00e9e secondaire ainsi que le Dr Tobias Dewes, directeur adjoint du ZOG, ont pris la direction des op\u00e9rations. Nous remercions tous et toutes pour leurs efforts.<\/p>\n","protected":false},"excerpt":{"rendered":"Ce vendredi midi, une \u00ab\u00a0Stolperstein\u00a0\u00bb (une pierre d&rsquo;achoppement comm\u00e9morative) a \u00e9t\u00e9 pos\u00e9e \u00e0 Hergenrath, dans la rue d\u2019Aix-la-Chapelle, par l&rsquo;artiste de renomm\u00e9e internationale Gunter Demnig, en m\u00e9moire d&rsquo;une victime du national-socialisme allemand. Hermann Schmetz habitait dans cette rue, bloc de maisons 77-79, et a \u00e9t\u00e9 ex\u00e9cut\u00e9 par les nazis le 18 d\u00e9cembre 1940 \u00e0 Berlin-Pl\u00f6tzensee [&hellip;]","protected":false},"author":2,"featured_media":12543,"comment_status":"closed","ping_status":"closed","sticky":false,"template":"","format":"standard","meta":{"_acf_changed":false,"footnotes":""},"categories":[70],"tags":[],"class_list":["post-12542","post","type-post","status-publish","format-standard","has-post-thumbnail","hentry","category-actualite-dans-la-commune"],"acf":[],"_links":{"self":[{"href":"https:\/\/www.kelmis.be\/fr\/wp-json\/wp\/v2\/posts\/12542","targetHints":{"allow":["GET"]}}],"collection":[{"href":"https:\/\/www.kelmis.be\/fr\/wp-json\/wp\/v2\/posts"}],"about":[{"href":"https:\/\/www.kelmis.be\/fr\/wp-json\/wp\/v2\/types\/post"}],"author":[{"embeddable":true,"href":"https:\/\/www.kelmis.be\/fr\/wp-json\/wp\/v2\/users\/2"}],"replies":[{"embeddable":true,"href":"https:\/\/www.kelmis.be\/fr\/wp-json\/wp\/v2\/comments?post=12542"}],"version-history":[{"count":3,"href":"https:\/\/www.kelmis.be\/fr\/wp-json\/wp\/v2\/posts\/12542\/revisions"}],"predecessor-version":[{"id":12557,"href":"https:\/\/www.kelmis.be\/fr\/wp-json\/wp\/v2\/posts\/12542\/revisions\/12557"}],"wp:featuredmedia":[{"embeddable":true,"href":"https:\/\/www.kelmis.be\/fr\/wp-json\/wp\/v2\/media\/12543"}],"wp:attachment":[{"href":"https:\/\/www.kelmis.be\/fr\/wp-json\/wp\/v2\/media?parent=12542"}],"wp:term":[{"taxonomy":"category","embeddable":true,"href":"https:\/\/www.kelmis.be\/fr\/wp-json\/wp\/v2\/categories?post=12542"},{"taxonomy":"post_tag","embeddable":true,"href":"https:\/\/www.kelmis.be\/fr\/wp-json\/wp\/v2\/tags?post=12542"}],"curies":[{"name":"wp","href":"https:\/\/api.w.org\/{rel}","templated":true}]}}