{"id":12530,"date":"2023-11-13T12:50:59","date_gmt":"2023-11-13T11:50:59","guid":{"rendered":"https:\/\/www.kelmis.be\/?p=12530"},"modified":"2023-11-13T12:50:59","modified_gmt":"2023-11-13T11:50:59","slug":"pose-de-nouveaux-cables-electriques-a-la-rue-altenberg","status":"publish","type":"post","link":"https:\/\/www.kelmis.be\/fr\/actualite-dans-la-commune\/pose-de-nouveaux-cables-electriques-a-la-rue-altenberg","title":{"rendered":"Pose de nouveaux c\u00e2bles \u00e9lectriques \u00e0 la rue Altenberg"},"content":{"rendered":"<p>A partir de ce mardi, de nouveaux c\u00e2bles \u00e9lectriques seront pos\u00e9es sur une partie de la rue Altenberg (du num\u00e9ro 47 au 72). Pendant cette p\u00e9riode, des feux de signalisation seront utilis\u00e9s par phases. Les travaux drainet durer jusqu&rsquo;au 22 d\u00e9cembre.<\/p>\n","protected":false},"excerpt":{"rendered":"A partir de ce mardi, de nouveaux c\u00e2bles \u00e9lectriques seront pos\u00e9es sur une partie de la rue Altenberg (du num\u00e9ro 47 au 72). Pendant cette p\u00e9riode, des feux de signalisation seront utilis\u00e9s par phases. Les travaux drainet durer jusqu&rsquo;au 22 d\u00e9cembre.","protected":false},"author":2,"featured_media":12467,"comment_status":"closed","ping_status":"closed","sticky":false,"template":"","format":"standard","meta":{"_acf_changed":false,"footnotes":""},"categories":[70],"tags":[],"class_list":["post-12530","post","type-post","status-publish","format-standard","has-post-thumbnail","hentry","category-actualite-dans-la-commune"],"acf":[],"_links":{"self":[{"href":"https:\/\/www.kelmis.be\/fr\/wp-json\/wp\/v2\/posts\/12530","targetHints":{"allow":["GET"]}}],"collection":[{"href":"https:\/\/www.kelmis.be\/fr\/wp-json\/wp\/v2\/posts"}],"about":[{"href":"https:\/\/www.kelmis.be\/fr\/wp-json\/wp\/v2\/types\/post"}],"author":[{"embeddable":true,"href":"https:\/\/www.kelmis.be\/fr\/wp-json\/wp\/v2\/users\/2"}],"replies":[{"embeddable":true,"href":"https:\/\/www.kelmis.be\/fr\/wp-json\/wp\/v2\/comments?post=12530"}],"version-history":[{"count":1,"href":"https:\/\/www.kelmis.be\/fr\/wp-json\/wp\/v2\/posts\/12530\/revisions"}],"predecessor-version":[{"id":12531,"href":"https:\/\/www.kelmis.be\/fr\/wp-json\/wp\/v2\/posts\/12530\/revisions\/12531"}],"wp:featuredmedia":[{"embeddable":true,"href":"https:\/\/www.kelmis.be\/fr\/wp-json\/wp\/v2\/media\/12467"}],"wp:attachment":[{"href":"https:\/\/www.kelmis.be\/fr\/wp-json\/wp\/v2\/media?parent=12530"}],"wp:term":[{"taxonomy":"category","embeddable":true,"href":"https:\/\/www.kelmis.be\/fr\/wp-json\/wp\/v2\/categories?post=12530"},{"taxonomy":"post_tag","embeddable":true,"href":"https:\/\/www.kelmis.be\/fr\/wp-json\/wp\/v2\/tags?post=12530"}],"curies":[{"name":"wp","href":"https:\/\/api.w.org\/{rel}","templated":true}]}}