{"id":12525,"date":"2023-11-13T12:07:35","date_gmt":"2023-11-13T11:07:35","guid":{"rendered":"https:\/\/www.kelmis.be\/?p=12525"},"modified":"2023-11-13T12:07:35","modified_gmt":"2023-11-13T11:07:35","slug":"fete-de-la-communaute-germanophone-nos-services-sont-fermes-ce-mercredi","status":"publish","type":"post","link":"https:\/\/www.kelmis.be\/fr\/depuis-la-maison-communale\/fete-de-la-communaute-germanophone-nos-services-sont-fermes-ce-mercredi","title":{"rendered":"F\u00eate de la Communaut\u00e9 germanophone: nos services sont ferm\u00e9s ce mercredi"},"content":{"rendered":"<p>Le 15 novembre, nous c\u00e9l\u00e9brons la F\u00eate de la Communaut\u00e9 germanophone. Ce jour-l\u00e0, nos services seront ferm\u00e9s. Nous serons de nouveau \u00e0 votre disposition le jeudi 16 novembre.<\/p>\n","protected":false},"excerpt":{"rendered":"Le 15 novembre, nous c\u00e9l\u00e9brons la F\u00eate de la Communaut\u00e9 germanophone. Ce jour-l\u00e0, nos services seront ferm\u00e9s. Nous serons de nouveau \u00e0 votre disposition le jeudi 16 novembre.","protected":false},"author":2,"featured_media":12526,"comment_status":"closed","ping_status":"closed","sticky":false,"template":"","format":"standard","meta":{"_acf_changed":false,"footnotes":""},"categories":[71],"tags":[],"class_list":["post-12525","post","type-post","status-publish","format-standard","has-post-thumbnail","hentry","category-depuis-la-maison-communale"],"acf":[],"_links":{"self":[{"href":"https:\/\/www.kelmis.be\/fr\/wp-json\/wp\/v2\/posts\/12525","targetHints":{"allow":["GET"]}}],"collection":[{"href":"https:\/\/www.kelmis.be\/fr\/wp-json\/wp\/v2\/posts"}],"about":[{"href":"https:\/\/www.kelmis.be\/fr\/wp-json\/wp\/v2\/types\/post"}],"author":[{"embeddable":true,"href":"https:\/\/www.kelmis.be\/fr\/wp-json\/wp\/v2\/users\/2"}],"replies":[{"embeddable":true,"href":"https:\/\/www.kelmis.be\/fr\/wp-json\/wp\/v2\/comments?post=12525"}],"version-history":[{"count":1,"href":"https:\/\/www.kelmis.be\/fr\/wp-json\/wp\/v2\/posts\/12525\/revisions"}],"predecessor-version":[{"id":12527,"href":"https:\/\/www.kelmis.be\/fr\/wp-json\/wp\/v2\/posts\/12525\/revisions\/12527"}],"wp:featuredmedia":[{"embeddable":true,"href":"https:\/\/www.kelmis.be\/fr\/wp-json\/wp\/v2\/media\/12526"}],"wp:attachment":[{"href":"https:\/\/www.kelmis.be\/fr\/wp-json\/wp\/v2\/media?parent=12525"}],"wp:term":[{"taxonomy":"category","embeddable":true,"href":"https:\/\/www.kelmis.be\/fr\/wp-json\/wp\/v2\/categories?post=12525"},{"taxonomy":"post_tag","embeddable":true,"href":"https:\/\/www.kelmis.be\/fr\/wp-json\/wp\/v2\/tags?post=12525"}],"curies":[{"name":"wp","href":"https:\/\/api.w.org\/{rel}","templated":true}]}}