{"id":12453,"date":"2023-10-26T12:17:09","date_gmt":"2023-10-26T10:17:09","guid":{"rendered":"https:\/\/www.kelmis.be\/?p=12453"},"modified":"2023-10-26T12:18:00","modified_gmt":"2023-10-26T10:18:00","slug":"le-conseil-pour-le-vivre-ensemble-a-presente-son-pack-dinformation-vivre-dans-ma-commune","status":"publish","type":"post","link":"https:\/\/www.kelmis.be\/fr\/depuis-la-maison-communale\/le-conseil-pour-le-vivre-ensemble-a-presente-son-pack-dinformation-vivre-dans-ma-commune","title":{"rendered":"Le conseil pour le vivre ensemble a pr\u00e9sent\u00e9 son pack d&rsquo;information \u00ab\u00a0Vivre dans ma commune\u00a0\u00bb"},"content":{"rendered":"<p>Le Conseil pour le vivre ensemble a pr\u00e9sent\u00e9 ce matin dans la salle de mariage de notre maison communale son pack d&rsquo;information \u00ab\u00a0Vivre dans ma commune\u00a0\u00bb. Le dossier d&rsquo;information sera remis \u00e0 toutes les personnes qui s&rsquo;inscrivent pour la premi\u00e8re fois dans notre commune.<\/p>\n<p>Ce paquet se compose d&rsquo;un sac dans lequel se trouve une brochure d&rsquo;information d\u00e9taill\u00e9e (en plusieurs langues : fran\u00e7ais, allemand, anglais, russe, turc et arabe) sur notre commune et des bons d&rsquo;entr\u00e9e pour notre piscine couverte et le mus\u00e9e Vieille Montagne. Dans la brochure figure un code QR qui m\u00e8ne \u00e0 une<strong><a href=\"https:\/\/www.youtube.com\/watch?v=z9B8N_OGRkg\"> vid\u00e9o de pr\u00e9sentation<\/a> <\/strong>de notre commune.<\/p>\n","protected":false},"excerpt":{"rendered":"Le Conseil pour le vivre ensemble a pr\u00e9sent\u00e9 ce matin dans la salle de mariage de notre maison communale son pack d&rsquo;information \u00ab\u00a0Vivre dans ma commune\u00a0\u00bb. Le dossier d&rsquo;information sera remis \u00e0 toutes les personnes qui s&rsquo;inscrivent pour la premi\u00e8re fois dans notre commune. Ce paquet se compose d&rsquo;un sac dans lequel se trouve une [&hellip;]","protected":false},"author":2,"featured_media":12454,"comment_status":"closed","ping_status":"closed","sticky":false,"template":"","format":"standard","meta":{"_acf_changed":false,"footnotes":""},"categories":[71],"tags":[],"class_list":["post-12453","post","type-post","status-publish","format-standard","has-post-thumbnail","hentry","category-depuis-la-maison-communale"],"acf":[],"_links":{"self":[{"href":"https:\/\/www.kelmis.be\/fr\/wp-json\/wp\/v2\/posts\/12453","targetHints":{"allow":["GET"]}}],"collection":[{"href":"https:\/\/www.kelmis.be\/fr\/wp-json\/wp\/v2\/posts"}],"about":[{"href":"https:\/\/www.kelmis.be\/fr\/wp-json\/wp\/v2\/types\/post"}],"author":[{"embeddable":true,"href":"https:\/\/www.kelmis.be\/fr\/wp-json\/wp\/v2\/users\/2"}],"replies":[{"embeddable":true,"href":"https:\/\/www.kelmis.be\/fr\/wp-json\/wp\/v2\/comments?post=12453"}],"version-history":[{"count":1,"href":"https:\/\/www.kelmis.be\/fr\/wp-json\/wp\/v2\/posts\/12453\/revisions"}],"predecessor-version":[{"id":12455,"href":"https:\/\/www.kelmis.be\/fr\/wp-json\/wp\/v2\/posts\/12453\/revisions\/12455"}],"wp:featuredmedia":[{"embeddable":true,"href":"https:\/\/www.kelmis.be\/fr\/wp-json\/wp\/v2\/media\/12454"}],"wp:attachment":[{"href":"https:\/\/www.kelmis.be\/fr\/wp-json\/wp\/v2\/media?parent=12453"}],"wp:term":[{"taxonomy":"category","embeddable":true,"href":"https:\/\/www.kelmis.be\/fr\/wp-json\/wp\/v2\/categories?post=12453"},{"taxonomy":"post_tag","embeddable":true,"href":"https:\/\/www.kelmis.be\/fr\/wp-json\/wp\/v2\/tags?post=12453"}],"curies":[{"name":"wp","href":"https:\/\/api.w.org\/{rel}","templated":true}]}}