{"id":12406,"date":"2023-10-17T15:54:14","date_gmt":"2023-10-17T13:54:14","guid":{"rendered":"https:\/\/www.kelmis.be\/?p=12406"},"modified":"2023-10-17T15:54:14","modified_gmt":"2023-10-17T13:54:14","slug":"aidez-a-combattre-les-actes-de-vandalisme-sur-nos-aires-de-jeux","status":"publish","type":"post","link":"https:\/\/www.kelmis.be\/fr\/actualite-dans-la-commune\/aidez-a-combattre-les-actes-de-vandalisme-sur-nos-aires-de-jeux","title":{"rendered":"Aidez \u00e0 combattre les actes de vandalisme sur nos aires de jeux"},"content":{"rendered":"<p>Les aires de jeux de notre commune sont r\u00e9guli\u00e8rement visit\u00e9es par des vandales. R\u00e9sultat : des graffitis ou autres barbouillages sur les \u00e9quipements de jeux. Par ce biais, nous aimerions demander \u00e0 la population d&rsquo;ouvrir l&rsquo;\u0153il et de nous aider, ou d&rsquo;aider la police, \u00e0 trouver les auteurs de ce genre d&rsquo; actes. R\u00e9cemment, trois jeunes ont \u00e9t\u00e9 photographi\u00e9s par une habitante du quartier \u00ab\u00a0Aux ch\u00eanes\u00a0\u00bb alors qu&rsquo;ils commettaient un acte de vandalisme sur la plaine de jeux. La photo a \u00e9t\u00e9 transmise \u00e0 la police et a contribu\u00e9 \u00e0 l&rsquo;identification des auteurs. Les auteurs ou leurs tuteurs l\u00e9gaux devront payer les dommages et leur r\u00e9paration par le d\u00e9p\u00f4t communal. En outre, l&rsquo;affaire sera transmise au parquet d\u2018Eupen.<img loading=\"lazy\" decoding=\"async\" width=\"800\" height=\"1067\" class=\"size-medium wp-image-12409 alignright\" src=\"https:\/\/www.kelmis.be\/wp-content\/uploads\/2023\/10\/spielen-2-1-800x1067.jpg\" alt=\"\" srcset=\"https:\/\/www.kelmis.be\/wp-content\/uploads\/2023\/10\/spielen-2-1-800x1067.jpg 800w, https:\/\/www.kelmis.be\/wp-content\/uploads\/2023\/10\/spielen-2-1-1600x2133.jpg 1600w, https:\/\/www.kelmis.be\/wp-content\/uploads\/2023\/10\/spielen-2-1-768x1024.jpg 768w, https:\/\/www.kelmis.be\/wp-content\/uploads\/2023\/10\/spielen-2-1-1152x1536.jpg 1152w, https:\/\/www.kelmis.be\/wp-content\/uploads\/2023\/10\/spielen-2-1-1536x2048.jpg 1536w, https:\/\/www.kelmis.be\/wp-content\/uploads\/2023\/10\/spielen-2-1-400x533.jpg 400w, https:\/\/www.kelmis.be\/wp-content\/uploads\/2023\/10\/spielen-2-1-1200x1600.jpg 1200w, https:\/\/www.kelmis.be\/wp-content\/uploads\/2023\/10\/spielen-2-1-scaled.jpg 1920w\" sizes=\"auto, (max-width: 800px) 100vw, 800px\" \/><\/p>\n","protected":false},"excerpt":{"rendered":"Les aires de jeux de notre commune sont r\u00e9guli\u00e8rement visit\u00e9es par des vandales. R\u00e9sultat : des graffitis ou autres barbouillages sur les \u00e9quipements de jeux. Par ce biais, nous aimerions demander \u00e0 la population d&rsquo;ouvrir l&rsquo;\u0153il et de nous aider, ou d&rsquo;aider la police, \u00e0 trouver les auteurs de ce genre d&rsquo; actes. R\u00e9cemment, trois [&hellip;]","protected":false},"author":2,"featured_media":12407,"comment_status":"closed","ping_status":"closed","sticky":false,"template":"","format":"standard","meta":{"_acf_changed":false,"footnotes":""},"categories":[70],"tags":[],"class_list":["post-12406","post","type-post","status-publish","format-standard","has-post-thumbnail","hentry","category-actualite-dans-la-commune"],"acf":[],"_links":{"self":[{"href":"https:\/\/www.kelmis.be\/fr\/wp-json\/wp\/v2\/posts\/12406","targetHints":{"allow":["GET"]}}],"collection":[{"href":"https:\/\/www.kelmis.be\/fr\/wp-json\/wp\/v2\/posts"}],"about":[{"href":"https:\/\/www.kelmis.be\/fr\/wp-json\/wp\/v2\/types\/post"}],"author":[{"embeddable":true,"href":"https:\/\/www.kelmis.be\/fr\/wp-json\/wp\/v2\/users\/2"}],"replies":[{"embeddable":true,"href":"https:\/\/www.kelmis.be\/fr\/wp-json\/wp\/v2\/comments?post=12406"}],"version-history":[{"count":1,"href":"https:\/\/www.kelmis.be\/fr\/wp-json\/wp\/v2\/posts\/12406\/revisions"}],"predecessor-version":[{"id":12410,"href":"https:\/\/www.kelmis.be\/fr\/wp-json\/wp\/v2\/posts\/12406\/revisions\/12410"}],"wp:featuredmedia":[{"embeddable":true,"href":"https:\/\/www.kelmis.be\/fr\/wp-json\/wp\/v2\/media\/12407"}],"wp:attachment":[{"href":"https:\/\/www.kelmis.be\/fr\/wp-json\/wp\/v2\/media?parent=12406"}],"wp:term":[{"taxonomy":"category","embeddable":true,"href":"https:\/\/www.kelmis.be\/fr\/wp-json\/wp\/v2\/categories?post=12406"},{"taxonomy":"post_tag","embeddable":true,"href":"https:\/\/www.kelmis.be\/fr\/wp-json\/wp\/v2\/tags?post=12406"}],"curies":[{"name":"wp","href":"https:\/\/api.w.org\/{rel}","templated":true}]}}