{"id":12398,"date":"2023-10-17T15:21:53","date_gmt":"2023-10-17T13:21:53","guid":{"rendered":"https:\/\/www.kelmis.be\/?p=12398"},"modified":"2023-10-17T15:23:32","modified_gmt":"2023-10-17T13:23:32","slug":"le-depot-communal-acheve-un-autre-chalet-pour-le-marche-de-noel","status":"publish","type":"post","link":"https:\/\/www.kelmis.be\/fr\/actualite-dans-la-commune\/le-depot-communal-acheve-un-autre-chalet-pour-le-marche-de-noel","title":{"rendered":"Le d\u00e9p\u00f4t communal ach\u00e8ve un autre chalet pour le march\u00e9 de No\u00ebl"},"content":{"rendered":"<p>Le d\u00e9p\u00f4t communal travaille actuellement \u00e0 l&rsquo;ach\u00e8vement d&rsquo;un autre chalet pour le march\u00e9 de No\u00ebl. Nos collaborateurs Andy Sparla et Jean-Pierre Tilmant en sont responsables. Le chalet est fabriqu\u00e9 en bois de douglas et est soutenu par une structure en fer. Une couche synth\u00e9tique est pos\u00e9e sur le toit. \u00ab Nous avons achet\u00e9 \u00e0 l&rsquo;\u00e9poque du mat\u00e9riel pour la fabrication de dix chalets de No\u00ebl \u00bb, explique Marc Krauth, chef du d\u00e9p\u00f4t communal. \u00ab Andy et Jean-Pierre assemblent maintenant le septi\u00e8me \u00bb. Les chalets sont r\u00e9sistants aux intemp\u00e9ries, robustes et sont pr\u00eat\u00e9s \u00e0 d&rsquo;autres communes, comme Eupen, Raeren, Welkenraedt et Lontzen. Le d\u00e9p\u00f4t est en possession de 30 chalets au total.<\/p>\n","protected":false},"excerpt":{"rendered":"Le d\u00e9p\u00f4t communal travaille actuellement \u00e0 l&rsquo;ach\u00e8vement d&rsquo;un autre chalet pour le march\u00e9 de No\u00ebl. Nos collaborateurs Andy Sparla et Jean-Pierre Tilmant en sont responsables. Le chalet est fabriqu\u00e9 en bois de douglas et est soutenu par une structure en fer. Une couche synth\u00e9tique est pos\u00e9e sur le toit. \u00ab Nous avons achet\u00e9 \u00e0 l&rsquo;\u00e9poque [&hellip;]","protected":false},"author":2,"featured_media":12399,"comment_status":"closed","ping_status":"closed","sticky":false,"template":"","format":"standard","meta":{"_acf_changed":false,"footnotes":""},"categories":[70],"tags":[],"class_list":["post-12398","post","type-post","status-publish","format-standard","has-post-thumbnail","hentry","category-actualite-dans-la-commune"],"acf":[],"_links":{"self":[{"href":"https:\/\/www.kelmis.be\/fr\/wp-json\/wp\/v2\/posts\/12398","targetHints":{"allow":["GET"]}}],"collection":[{"href":"https:\/\/www.kelmis.be\/fr\/wp-json\/wp\/v2\/posts"}],"about":[{"href":"https:\/\/www.kelmis.be\/fr\/wp-json\/wp\/v2\/types\/post"}],"author":[{"embeddable":true,"href":"https:\/\/www.kelmis.be\/fr\/wp-json\/wp\/v2\/users\/2"}],"replies":[{"embeddable":true,"href":"https:\/\/www.kelmis.be\/fr\/wp-json\/wp\/v2\/comments?post=12398"}],"version-history":[{"count":1,"href":"https:\/\/www.kelmis.be\/fr\/wp-json\/wp\/v2\/posts\/12398\/revisions"}],"predecessor-version":[{"id":12400,"href":"https:\/\/www.kelmis.be\/fr\/wp-json\/wp\/v2\/posts\/12398\/revisions\/12400"}],"wp:featuredmedia":[{"embeddable":true,"href":"https:\/\/www.kelmis.be\/fr\/wp-json\/wp\/v2\/media\/12399"}],"wp:attachment":[{"href":"https:\/\/www.kelmis.be\/fr\/wp-json\/wp\/v2\/media?parent=12398"}],"wp:term":[{"taxonomy":"category","embeddable":true,"href":"https:\/\/www.kelmis.be\/fr\/wp-json\/wp\/v2\/categories?post=12398"},{"taxonomy":"post_tag","embeddable":true,"href":"https:\/\/www.kelmis.be\/fr\/wp-json\/wp\/v2\/tags?post=12398"}],"curies":[{"name":"wp","href":"https:\/\/api.w.org\/{rel}","templated":true}]}}