{"id":12370,"date":"2023-10-16T10:15:58","date_gmt":"2023-10-16T08:15:58","guid":{"rendered":"https:\/\/www.kelmis.be\/?p=12370"},"modified":"2023-10-16T10:15:58","modified_gmt":"2023-10-16T08:15:58","slug":"le-conseil-communal-se-reunit-ce-soir-3","status":"publish","type":"post","link":"https:\/\/www.kelmis.be\/fr\/depuis-la-maison-communale\/le-conseil-communal-se-reunit-ce-soir-3","title":{"rendered":"Le conseil communal se r\u00e9unit ce soir"},"content":{"rendered":"<p>Notre conseil communal se r\u00e9unit ce soir au Patronage (20 heures). 22 points sont \u00e0 l&rsquo;ordre du jour. La s\u00e9ance peut \u00eatre suivie en direct sur <strong><a href=\"https:\/\/youtube.com\/live\/Ck_3GF_XWpk?feature=share\">notre cha\u00eene YouTube.<\/a><\/strong><\/p>\n","protected":false},"excerpt":{"rendered":"Notre conseil communal se r\u00e9unit ce soir au Patronage (20 heures). 22 points sont \u00e0 l&rsquo;ordre du jour. La s\u00e9ance peut \u00eatre suivie en direct sur notre cha\u00eene YouTube.","protected":false},"author":2,"featured_media":12371,"comment_status":"closed","ping_status":"closed","sticky":false,"template":"","format":"standard","meta":{"_acf_changed":false,"footnotes":""},"categories":[71],"tags":[],"class_list":["post-12370","post","type-post","status-publish","format-standard","has-post-thumbnail","hentry","category-depuis-la-maison-communale"],"acf":[],"_links":{"self":[{"href":"https:\/\/www.kelmis.be\/fr\/wp-json\/wp\/v2\/posts\/12370","targetHints":{"allow":["GET"]}}],"collection":[{"href":"https:\/\/www.kelmis.be\/fr\/wp-json\/wp\/v2\/posts"}],"about":[{"href":"https:\/\/www.kelmis.be\/fr\/wp-json\/wp\/v2\/types\/post"}],"author":[{"embeddable":true,"href":"https:\/\/www.kelmis.be\/fr\/wp-json\/wp\/v2\/users\/2"}],"replies":[{"embeddable":true,"href":"https:\/\/www.kelmis.be\/fr\/wp-json\/wp\/v2\/comments?post=12370"}],"version-history":[{"count":1,"href":"https:\/\/www.kelmis.be\/fr\/wp-json\/wp\/v2\/posts\/12370\/revisions"}],"predecessor-version":[{"id":12372,"href":"https:\/\/www.kelmis.be\/fr\/wp-json\/wp\/v2\/posts\/12370\/revisions\/12372"}],"wp:featuredmedia":[{"embeddable":true,"href":"https:\/\/www.kelmis.be\/fr\/wp-json\/wp\/v2\/media\/12371"}],"wp:attachment":[{"href":"https:\/\/www.kelmis.be\/fr\/wp-json\/wp\/v2\/media?parent=12370"}],"wp:term":[{"taxonomy":"category","embeddable":true,"href":"https:\/\/www.kelmis.be\/fr\/wp-json\/wp\/v2\/categories?post=12370"},{"taxonomy":"post_tag","embeddable":true,"href":"https:\/\/www.kelmis.be\/fr\/wp-json\/wp\/v2\/tags?post=12370"}],"curies":[{"name":"wp","href":"https:\/\/api.w.org\/{rel}","templated":true}]}}