{"id":12257,"date":"2023-09-26T12:11:16","date_gmt":"2023-09-26T10:11:16","guid":{"rendered":"https:\/\/www.kelmis.be\/?p=12257"},"modified":"2023-09-26T12:11:16","modified_gmt":"2023-09-26T10:11:16","slug":"conseils-importants-pour-la-prevention-dincendies-de-cheminee","status":"publish","type":"post","link":"https:\/\/www.kelmis.be\/fr\/depuis-la-maison-communale\/conseils-importants-pour-la-prevention-dincendies-de-cheminee","title":{"rendered":"Conseils importants pour la pr\u00e9vention d&rsquo;incendies de chemin\u00e9e"},"content":{"rendered":"<p>La Direction g\u00e9n\u00e9rale S\u00e9curit\u00e9 civile du SPF Int\u00e9rieur donne sur <strong><a href=\"https:\/\/nejouezpasaveclefeu.be\/fr\/feu-de-cheminee\/\">cette page web<\/a><\/strong> des conseils pour pr\u00e9venir les incendies de chemin\u00e9e.<\/p>\n","protected":false},"excerpt":{"rendered":"La Direction g\u00e9n\u00e9rale S\u00e9curit\u00e9 civile du SPF Int\u00e9rieur donne sur cette page web des conseils pour pr\u00e9venir les incendies de chemin\u00e9e.","protected":false},"author":2,"featured_media":12258,"comment_status":"closed","ping_status":"closed","sticky":false,"template":"","format":"standard","meta":{"_acf_changed":false,"footnotes":""},"categories":[71],"tags":[],"class_list":["post-12257","post","type-post","status-publish","format-standard","has-post-thumbnail","hentry","category-depuis-la-maison-communale"],"acf":[],"_links":{"self":[{"href":"https:\/\/www.kelmis.be\/fr\/wp-json\/wp\/v2\/posts\/12257","targetHints":{"allow":["GET"]}}],"collection":[{"href":"https:\/\/www.kelmis.be\/fr\/wp-json\/wp\/v2\/posts"}],"about":[{"href":"https:\/\/www.kelmis.be\/fr\/wp-json\/wp\/v2\/types\/post"}],"author":[{"embeddable":true,"href":"https:\/\/www.kelmis.be\/fr\/wp-json\/wp\/v2\/users\/2"}],"replies":[{"embeddable":true,"href":"https:\/\/www.kelmis.be\/fr\/wp-json\/wp\/v2\/comments?post=12257"}],"version-history":[{"count":1,"href":"https:\/\/www.kelmis.be\/fr\/wp-json\/wp\/v2\/posts\/12257\/revisions"}],"predecessor-version":[{"id":12259,"href":"https:\/\/www.kelmis.be\/fr\/wp-json\/wp\/v2\/posts\/12257\/revisions\/12259"}],"wp:featuredmedia":[{"embeddable":true,"href":"https:\/\/www.kelmis.be\/fr\/wp-json\/wp\/v2\/media\/12258"}],"wp:attachment":[{"href":"https:\/\/www.kelmis.be\/fr\/wp-json\/wp\/v2\/media?parent=12257"}],"wp:term":[{"taxonomy":"category","embeddable":true,"href":"https:\/\/www.kelmis.be\/fr\/wp-json\/wp\/v2\/categories?post=12257"},{"taxonomy":"post_tag","embeddable":true,"href":"https:\/\/www.kelmis.be\/fr\/wp-json\/wp\/v2\/tags?post=12257"}],"curies":[{"name":"wp","href":"https:\/\/api.w.org\/{rel}","templated":true}]}}