{"id":12169,"date":"2023-09-17T16:50:40","date_gmt":"2023-09-17T14:50:40","guid":{"rendered":"https:\/\/www.kelmis.be\/?p=12169"},"modified":"2023-09-17T16:50:40","modified_gmt":"2023-09-17T14:50:40","slug":"la-place-de-leglise-reamenagee-a-ete-inauguree","status":"publish","type":"post","link":"https:\/\/www.kelmis.be\/fr\/actualite-dans-la-commune\/la-place-de-leglise-reamenagee-a-ete-inauguree","title":{"rendered":"La place de l&rsquo;Eglise r\u00e9am\u00e9nag\u00e9e a \u00e9t\u00e9 inaugur\u00e9e"},"content":{"rendered":"<p>Aujourd&rsquo;hui, la place de l&rsquo;Eglise r\u00e9am\u00e9nag\u00e9e a \u00e9t\u00e9 inaugur\u00e9e dans notre commune. Un programme vari\u00e9 de musique, de danse et d&rsquo;animations pour enfants a \u00e9t\u00e9 organis\u00e9 \u00e0 cette occasion.<\/p>\n","protected":false},"excerpt":{"rendered":"Aujourd&rsquo;hui, la place de l&rsquo;Eglise r\u00e9am\u00e9nag\u00e9e a \u00e9t\u00e9 inaugur\u00e9e dans notre commune. Un programme vari\u00e9 de musique, de danse et d&rsquo;animations pour enfants a \u00e9t\u00e9 organis\u00e9 \u00e0 cette occasion.","protected":false},"author":2,"featured_media":12170,"comment_status":"closed","ping_status":"closed","sticky":false,"template":"","format":"standard","meta":{"_acf_changed":false,"footnotes":""},"categories":[70],"tags":[],"class_list":["post-12169","post","type-post","status-publish","format-standard","has-post-thumbnail","hentry","category-actualite-dans-la-commune"],"acf":[],"_links":{"self":[{"href":"https:\/\/www.kelmis.be\/fr\/wp-json\/wp\/v2\/posts\/12169","targetHints":{"allow":["GET"]}}],"collection":[{"href":"https:\/\/www.kelmis.be\/fr\/wp-json\/wp\/v2\/posts"}],"about":[{"href":"https:\/\/www.kelmis.be\/fr\/wp-json\/wp\/v2\/types\/post"}],"author":[{"embeddable":true,"href":"https:\/\/www.kelmis.be\/fr\/wp-json\/wp\/v2\/users\/2"}],"replies":[{"embeddable":true,"href":"https:\/\/www.kelmis.be\/fr\/wp-json\/wp\/v2\/comments?post=12169"}],"version-history":[{"count":1,"href":"https:\/\/www.kelmis.be\/fr\/wp-json\/wp\/v2\/posts\/12169\/revisions"}],"predecessor-version":[{"id":12177,"href":"https:\/\/www.kelmis.be\/fr\/wp-json\/wp\/v2\/posts\/12169\/revisions\/12177"}],"wp:featuredmedia":[{"embeddable":true,"href":"https:\/\/www.kelmis.be\/fr\/wp-json\/wp\/v2\/media\/12170"}],"wp:attachment":[{"href":"https:\/\/www.kelmis.be\/fr\/wp-json\/wp\/v2\/media?parent=12169"}],"wp:term":[{"taxonomy":"category","embeddable":true,"href":"https:\/\/www.kelmis.be\/fr\/wp-json\/wp\/v2\/categories?post=12169"},{"taxonomy":"post_tag","embeddable":true,"href":"https:\/\/www.kelmis.be\/fr\/wp-json\/wp\/v2\/tags?post=12169"}],"curies":[{"name":"wp","href":"https:\/\/api.w.org\/{rel}","templated":true}]}}