{"id":12153,"date":"2023-09-12T12:52:34","date_gmt":"2023-09-12T10:52:34","guid":{"rendered":"https:\/\/www.kelmis.be\/?p=12153"},"modified":"2023-09-12T12:52:34","modified_gmt":"2023-09-12T10:52:34","slug":"fete-populaire-pour-linauguration-de-notre-place-de-leglise-reamenagee","status":"publish","type":"post","link":"https:\/\/www.kelmis.be\/fr\/evenement\/fete-populaire-pour-linauguration-de-notre-place-de-leglise-reamenagee","title":{"rendered":"F\u00eate populaire pour l&rsquo;inauguration de notre place de l&rsquo;\u00c9glise r\u00e9am\u00e9nag\u00e9e"},"content":{"rendered":"<p>Le dimanche 17 septembre, la place de l&rsquo;\u00c9glise r\u00e9am\u00e9nag\u00e9e sera inaugur\u00e9e dans notre commune. Le coup d&rsquo;envoi sera donn\u00e9 \u00e0 11 heures par une messe \u00e0 l&rsquo;\u00e9glise Notre-Dame de l&rsquo;Assomption. Les festivit\u00e9s d&rsquo;inauguration d\u00e9buteront \u00e0 12 heures. Le programme pr\u00e9voit d&rsquo;abord des discours du bourgmestre Luc Frank, de l&rsquo;\u00e9chevin Marcel Henn et du ministre Antonios Antoniadis. Des repr\u00e9sentations de \u00ab Bewegung und Tanz \u00bb, du TSC Dance Feet et de la chorale paroissiale sont \u00e9galement pr\u00e9vues. La place de l&rsquo;\u00c9glise ne sera pas la seule \u00e0 \u00eatre inaugur\u00e9e et b\u00e9nie ce jour-l\u00e0. Il en va de m\u00eame pour le monument aux morts \u00e0 son nouvel emplacement. Apr\u00e8s la partie officielle de l&rsquo;inauguration, une f\u00eate populaire aura lieu avec de la musique, des offres alimentaires d\u00e9licieuses et des animations int\u00e9ressantes pour les enfants, pr\u00e9sent\u00e9es par l&rsquo;Atelier cr\u00e9atif.<\/p>\n","protected":false},"excerpt":{"rendered":"Le dimanche 17 septembre, la place de l&rsquo;\u00c9glise r\u00e9am\u00e9nag\u00e9e sera inaugur\u00e9e dans notre commune. Le coup d&rsquo;envoi sera donn\u00e9 \u00e0 11 heures par une messe \u00e0 l&rsquo;\u00e9glise Notre-Dame de l&rsquo;Assomption. Les festivit\u00e9s d&rsquo;inauguration d\u00e9buteront \u00e0 12 heures. Le programme pr\u00e9voit d&rsquo;abord des discours du bourgmestre Luc Frank, de l&rsquo;\u00e9chevin Marcel Henn et du ministre Antonios [&hellip;]","protected":false},"author":2,"featured_media":12154,"comment_status":"closed","ping_status":"closed","sticky":false,"template":"","format":"standard","meta":{"_acf_changed":false,"footnotes":""},"categories":[73],"tags":[],"class_list":["post-12153","post","type-post","status-publish","format-standard","has-post-thumbnail","hentry","category-evenement"],"acf":[],"_links":{"self":[{"href":"https:\/\/www.kelmis.be\/fr\/wp-json\/wp\/v2\/posts\/12153","targetHints":{"allow":["GET"]}}],"collection":[{"href":"https:\/\/www.kelmis.be\/fr\/wp-json\/wp\/v2\/posts"}],"about":[{"href":"https:\/\/www.kelmis.be\/fr\/wp-json\/wp\/v2\/types\/post"}],"author":[{"embeddable":true,"href":"https:\/\/www.kelmis.be\/fr\/wp-json\/wp\/v2\/users\/2"}],"replies":[{"embeddable":true,"href":"https:\/\/www.kelmis.be\/fr\/wp-json\/wp\/v2\/comments?post=12153"}],"version-history":[{"count":1,"href":"https:\/\/www.kelmis.be\/fr\/wp-json\/wp\/v2\/posts\/12153\/revisions"}],"predecessor-version":[{"id":12155,"href":"https:\/\/www.kelmis.be\/fr\/wp-json\/wp\/v2\/posts\/12153\/revisions\/12155"}],"wp:featuredmedia":[{"embeddable":true,"href":"https:\/\/www.kelmis.be\/fr\/wp-json\/wp\/v2\/media\/12154"}],"wp:attachment":[{"href":"https:\/\/www.kelmis.be\/fr\/wp-json\/wp\/v2\/media?parent=12153"}],"wp:term":[{"taxonomy":"category","embeddable":true,"href":"https:\/\/www.kelmis.be\/fr\/wp-json\/wp\/v2\/categories?post=12153"},{"taxonomy":"post_tag","embeddable":true,"href":"https:\/\/www.kelmis.be\/fr\/wp-json\/wp\/v2\/tags?post=12153"}],"curies":[{"name":"wp","href":"https:\/\/api.w.org\/{rel}","templated":true}]}}