{"id":12123,"date":"2023-09-07T21:23:52","date_gmt":"2023-09-07T19:23:52","guid":{"rendered":"https:\/\/www.kelmis.be\/?p=12123"},"modified":"2023-09-07T21:25:24","modified_gmt":"2023-09-07T19:25:24","slug":"beaucoup-de-monde-a-la-soiree-dinformation-concernant-le-reamenagement-de-la-place-de-leglise","status":"publish","type":"post","link":"https:\/\/www.kelmis.be\/fr\/actualite-dans-la-commune\/beaucoup-de-monde-a-la-soiree-dinformation-concernant-le-reamenagement-de-la-place-de-leglise","title":{"rendered":"Beaucoup de monde \u00e0 la soir\u00e9e d&rsquo;information concernant le r\u00e9am\u00e9nagement de la place de l&rsquo;Eglise"},"content":{"rendered":"<p>Jeudi soir, les phases 2 et 3 du r\u00e9am\u00e9nagement de la place de l&rsquo;Eglise ont \u00e9t\u00e9 pr\u00e9sent\u00e9es au Patronage. 100 personnes ont assist\u00e9 \u00e0 la s\u00e9ance d\u2019information. L&rsquo;architecte paysagiste Heinz Winters est responsable des travaux. Vous pouvez consulter sa pr\u00e9sentation (en langue allemande) dans la zone de t\u00e9l\u00e9chargement.<\/p>\n<p>La vid\u00e9o de la soir\u00e9e sera publi\u00e9e les prochains jours sur la cha\u00eene YouTube de Radio Sunshine.<\/p>\n","protected":false},"excerpt":{"rendered":"Jeudi soir, les phases 2 et 3 du r\u00e9am\u00e9nagement de la place de l&rsquo;Eglise ont \u00e9t\u00e9 pr\u00e9sent\u00e9es au Patronage. 100 personnes ont assist\u00e9 \u00e0 la s\u00e9ance d\u2019information. L&rsquo;architecte paysagiste Heinz Winters est responsable des travaux. Vous pouvez consulter sa pr\u00e9sentation (en langue allemande) dans la zone de t\u00e9l\u00e9chargement. La vid\u00e9o de la soir\u00e9e sera publi\u00e9e [&hellip;]","protected":false},"author":2,"featured_media":12124,"comment_status":"closed","ping_status":"closed","sticky":false,"template":"","format":"standard","meta":{"_acf_changed":false,"footnotes":""},"categories":[70],"tags":[],"class_list":["post-12123","post","type-post","status-publish","format-standard","has-post-thumbnail","hentry","category-actualite-dans-la-commune"],"acf":[],"_links":{"self":[{"href":"https:\/\/www.kelmis.be\/fr\/wp-json\/wp\/v2\/posts\/12123","targetHints":{"allow":["GET"]}}],"collection":[{"href":"https:\/\/www.kelmis.be\/fr\/wp-json\/wp\/v2\/posts"}],"about":[{"href":"https:\/\/www.kelmis.be\/fr\/wp-json\/wp\/v2\/types\/post"}],"author":[{"embeddable":true,"href":"https:\/\/www.kelmis.be\/fr\/wp-json\/wp\/v2\/users\/2"}],"replies":[{"embeddable":true,"href":"https:\/\/www.kelmis.be\/fr\/wp-json\/wp\/v2\/comments?post=12123"}],"version-history":[{"count":2,"href":"https:\/\/www.kelmis.be\/fr\/wp-json\/wp\/v2\/posts\/12123\/revisions"}],"predecessor-version":[{"id":12127,"href":"https:\/\/www.kelmis.be\/fr\/wp-json\/wp\/v2\/posts\/12123\/revisions\/12127"}],"wp:featuredmedia":[{"embeddable":true,"href":"https:\/\/www.kelmis.be\/fr\/wp-json\/wp\/v2\/media\/12124"}],"wp:attachment":[{"href":"https:\/\/www.kelmis.be\/fr\/wp-json\/wp\/v2\/media?parent=12123"}],"wp:term":[{"taxonomy":"category","embeddable":true,"href":"https:\/\/www.kelmis.be\/fr\/wp-json\/wp\/v2\/categories?post=12123"},{"taxonomy":"post_tag","embeddable":true,"href":"https:\/\/www.kelmis.be\/fr\/wp-json\/wp\/v2\/tags?post=12123"}],"curies":[{"name":"wp","href":"https:\/\/api.w.org\/{rel}","templated":true}]}}